{"id":1488,"date":"2020-06-13T09:41:44","date_gmt":"2020-06-13T12:41:44","guid":{"rendered":"https:\/\/umluxodeviagem.com.br\/?p=1488"},"modified":"2020-06-14T10:49:43","modified_gmt":"2020-06-14T13:49:43","slug":"hotel-barriere-beach-le-gray-dalbion","status":"publish","type":"post","link":"https:\/\/umluxodeviagem.com.br\/?p=1488","title":{"rendered":"H\u00f4tel Barri\u00e8re le Gray d&#8217;Albion"},"content":{"rendered":"\n<figure class=\"wp-block-image size-large\"><img decoding=\"async\" loading=\"lazy\" width=\"960\" height=\"624\" src=\"https:\/\/umluxodeviagem.com.br\/wp-content\/uploads\/2020\/06\/LOUNGE.jpg\" alt=\"\" class=\"wp-image-1489\" srcset=\"https:\/\/umluxodeviagem.com.br\/wp-content\/uploads\/2020\/06\/LOUNGE.jpg 960w, https:\/\/umluxodeviagem.com.br\/wp-content\/uploads\/2020\/06\/LOUNGE-300x195.jpg 300w, https:\/\/umluxodeviagem.com.br\/wp-content\/uploads\/2020\/06\/LOUNGE-768x499.jpg 768w, https:\/\/umluxodeviagem.com.br\/wp-content\/uploads\/2020\/06\/LOUNGE-750x488.jpg 750w\" sizes=\"(max-width: 960px) 100vw, 960px\" \/><figcaption>O restaurante da praia particular foi inteiramente restaurado<\/figcaption><\/figure>\n\n\n\n<p>Instalado em Cannes, na Fran\u00e7a, o super conceituado H\u00f4tel Barri\u00e8re le Gray d&#8217;Albion oferece dias de descanso com muita sofistica\u00e7\u00e3o, onde o cen\u00e1rio local contribui ainda mais para a sua atmosfera de glamour. Constru\u00eddo de frente para as Ilhas L\u00e9rins, esse empreendimento de luxo permite uma verdadeira experi\u00eancia de viagem, onde as noites de ver\u00e3o s\u00e3o regadas a um clima deliciosamente bo\u00eamio; e os dias, regados a in\u00fameras atividades prazerosas. Esqui aqu\u00e1tico, caminhadas na praia particular, jogos no cassino\u2026 S\u00e3o algumas das v\u00e1rias op\u00e7\u00f5es.<\/p>\n\n\n\n<figure class=\"wp-block-image size-large\"><img decoding=\"async\" loading=\"lazy\" width=\"960\" height=\"640\" src=\"https:\/\/umluxodeviagem.com.br\/wp-content\/uploads\/2020\/06\/SUITE.jpg\" alt=\"\" class=\"wp-image-1490\" srcset=\"https:\/\/umluxodeviagem.com.br\/wp-content\/uploads\/2020\/06\/SUITE.jpg 960w, https:\/\/umluxodeviagem.com.br\/wp-content\/uploads\/2020\/06\/SUITE-300x200.jpg 300w, https:\/\/umluxodeviagem.com.br\/wp-content\/uploads\/2020\/06\/SUITE-768x512.jpg 768w, https:\/\/umluxodeviagem.com.br\/wp-content\/uploads\/2020\/06\/SUITE-750x500.jpg 750w\" sizes=\"(max-width: 960px) 100vw, 960px\" \/><figcaption>Suas su\u00edtes s\u00e3o ultramodernas e aconchegantes <\/figcaption><\/figure>\n\n\n\n<p><strong>O melhor da gastronomia internacional<\/strong><br>Com seu p\u00fablico exigente e que deseja o melhor em hospedagem, o hotel conta com fino atendimento e servi\u00e7os diferenciados, destacando-se a culin\u00e1ria do Mademoiselle Gray; o restaurante da praia particular, completamente rec\u00e9m-renovado. Sua atmosfera natural e acolhedora, decorada com madeira, flores e r\u00e1fia combinam harmoniosamente com a riviera de luxo no qual est\u00e1 inserido. Noites muito agrad\u00e1veis tamb\u00e9m podem ser desfrutadas aqui. Al\u00e9m deste, o hotel tem outro restaurante, o Terrace Du Gray. Tamb\u00e9m renovado ano passado, esse para\u00edso gourmet oferece pratos deliciosos inspirados no Mediterr\u00e2neo, com sabores libaneses, em combina\u00e7\u00f5es \u00fanicas e perfeitas. Peixes, saladas, massas e preparos superelaborados v\u00e3o deixar voc\u00ea maravilhado. Outro destaque, s\u00e3o os coquet\u00e9is exclusivos preparados por seus bartenders. Com receitas quase secretas, as bebidas s\u00e3o coloridas, ornamentais e muito saborosas.<\/p>\n\n\n\n<figure class=\"wp-block-image size-large\"><img decoding=\"async\" loading=\"lazy\" width=\"960\" height=\"704\" src=\"https:\/\/umluxodeviagem.com.br\/wp-content\/uploads\/2020\/06\/MAR.jpg\" alt=\"\" class=\"wp-image-1491\" srcset=\"https:\/\/umluxodeviagem.com.br\/wp-content\/uploads\/2020\/06\/MAR.jpg 960w, https:\/\/umluxodeviagem.com.br\/wp-content\/uploads\/2020\/06\/MAR-300x220.jpg 300w, https:\/\/umluxodeviagem.com.br\/wp-content\/uploads\/2020\/06\/MAR-768x563.jpg 768w, https:\/\/umluxodeviagem.com.br\/wp-content\/uploads\/2020\/06\/MAR-750x550.jpg 750w\" sizes=\"(max-width: 960px) 100vw, 960px\" \/><figcaption>Os seus dias ser\u00e3o perfeitos: entre o mar azul a e boemia chique de Cannes <\/figcaption><\/figure>\n\n\n\n<p><strong>Su\u00edtes com vista para o mar azul<\/strong><br>No total, 200 quartos est\u00e3o dispon\u00edveis para dias inesquec\u00edveis. Atendimento impec\u00e1vel, servi\u00e7os exclusivos e decora\u00e7\u00e3o cl\u00e1ssica fazem deste hotel, um local disputado. Instalado no cora\u00e7\u00e3o de Cannes, os quartos do hotel oferecem camas king-size, m\u00f3veis modernos, desenhando um visual ultra contempor\u00e2neo. Entre as su\u00edtes, vale destacar a Gray d\u00b4Albion com vista para o mar e o seu lindo terra\u00e7o panor\u00e2mico, de 50 metros quadrados, associado a varanda bonita e arejada. \u00c9 tudo t\u00e3o lindo que voc\u00ea n\u00e3o vai resistir: \u201c Um cen\u00e1rio magn\u00edfico para uma su\u00edte exclusiva\u201d, detalha o site oficial do hotel. Para quem j\u00e1 est\u00e1 sonhando com uma pr\u00f3xima viagem cheia de estilo, essa \u00e9, sem d\u00favida, uma das melhores op\u00e7\u00f5es!<\/p>\n\n\n\n<figure class=\"wp-block-image size-large\"><img decoding=\"async\" loading=\"lazy\" width=\"960\" height=\"615\" src=\"https:\/\/umluxodeviagem.com.br\/wp-content\/uploads\/2020\/06\/COMIDA.jpg\" alt=\"\" class=\"wp-image-1492\" srcset=\"https:\/\/umluxodeviagem.com.br\/wp-content\/uploads\/2020\/06\/COMIDA.jpg 960w, https:\/\/umluxodeviagem.com.br\/wp-content\/uploads\/2020\/06\/COMIDA-300x192.jpg 300w, https:\/\/umluxodeviagem.com.br\/wp-content\/uploads\/2020\/06\/COMIDA-768x492.jpg 768w, https:\/\/umluxodeviagem.com.br\/wp-content\/uploads\/2020\/06\/COMIDA-750x480.jpg 750w\" sizes=\"(max-width: 960px) 100vw, 960px\" \/><figcaption>S\u00e3o as inspira\u00e7\u00f5es do Mediterr\u00e2neo que v\u00e3o completar o seu reinado neste hotel<\/figcaption><\/figure>\n\n\n\n<p><strong>Anote<\/strong><br><a href=\"http:\/\/www.hotelsbarriere.com\">www.hotelsbarriere.com<\/a><\/p>\n\n\n\n<p><\/p>\n\n\n\n<p><\/p>\n\n\n\n<p><\/p>\n\n\n\n<p>#hotelbarriere<\/p>\n\n\n\n<p>#fran\u00e7a<\/p>\n\n\n\n<p>#cannes<\/p>\n\n\n\n<p>#umluxodeviagem<\/p>\n\n\n\n<p><\/p>\n\n\n\n<p><em><strong>Imagens: Divulga\u00e7\u00e3o Oficial\/ Hotel (Jean Michel Sordello\/ Restaurante)<\/strong><\/em><\/p>\n","protected":false},"excerpt":{"rendered":"<p>Instalado em Cannes, na Fran\u00e7a, o super conceituado H\u00f4tel Barri\u00e8re le Gray d&#8217;Albion oferece dias de descanso com muita sofistica\u00e7\u00e3o, onde o cen\u00e1rio local contribui ainda mais para a sua atmosfera de glamour. Constru\u00eddo de frente para as Ilhas L\u00e9rins, esse empreendimento de luxo permite uma verdadeira experi\u00eancia de viagem, onde as noites de ver\u00e3o&hellip; <br \/> <a class=\"read-more\" href=\"https:\/\/umluxodeviagem.com.br\/?p=1488\">Leia mais<\/a><\/p>\n","protected":false},"author":1,"featured_media":1494,"comment_status":"open","ping_status":"open","sticky":false,"template":"","format":"standard","meta":[],"categories":[374,364,367,368],"tags":[427,130,384,426],"yoast_head":"<!-- This site is optimized with the Yoast SEO plugin v19.13 - https:\/\/yoast.com\/wordpress\/plugins\/seo\/ -->\n<title>H\u00f4tel Barri\u00e8re le Gray d&#039;Albion - Um luxo de viagem!<\/title>\n<meta name=\"description\" content=\"O hotel \u00e9 um dos mais conceituados da Europa, estando em local privilegiado em Cannes\" \/>\n<meta name=\"robots\" content=\"index, follow, max-snippet:-1, max-image-preview:large, max-video-preview:-1\" \/>\n<link rel=\"canonical\" href=\"https:\/\/umluxodeviagem.com.br\/?p=1488\" \/>\n<meta property=\"og:locale\" content=\"pt_BR\" \/>\n<meta property=\"og:type\" content=\"article\" \/>\n<meta property=\"og:title\" content=\"H\u00f4tel Barri\u00e8re le Gray d&#039;Albion - Um luxo de viagem!\" \/>\n<meta property=\"og:description\" content=\"O hotel \u00e9 um dos mais conceituados da Europa, estando em local privilegiado em Cannes\" \/>\n<meta property=\"og:url\" content=\"https:\/\/umluxodeviagem.com.br\/?p=1488\" \/>\n<meta property=\"og:site_name\" content=\"Um luxo de viagem!\" \/>\n<meta property=\"article:publisher\" content=\"https:\/\/www.facebook.com\/Um-luxo-de-viagem-1382513402055793\/\" \/>\n<meta property=\"article:published_time\" content=\"2020-06-13T12:41:44+00:00\" \/>\n<meta property=\"article:modified_time\" content=\"2020-06-14T13:49:43+00:00\" \/>\n<meta property=\"og:image\" content=\"https:\/\/umluxodeviagem.com.br\/wp-content\/uploads\/2020\/06\/ABERTURA.jpg\" \/>\n\t<meta property=\"og:image:width\" content=\"960\" \/>\n\t<meta property=\"og:image:height\" content=\"640\" \/>\n\t<meta property=\"og:image:type\" content=\"image\/jpeg\" \/>\n<meta name=\"author\" content=\"umluxodeviagem\" \/>\n<meta name=\"twitter:label1\" content=\"Escrito por\" \/>\n\t<meta name=\"twitter:data1\" content=\"umluxodeviagem\" \/>\n\t<meta name=\"twitter:label2\" content=\"Est. tempo de leitura\" \/>\n\t<meta name=\"twitter:data2\" content=\"2 minutos\" \/>\n<script type=\"application\/ld+json\" class=\"yoast-schema-graph\">{\"@context\":\"https:\/\/schema.org\",\"@graph\":[{\"@type\":\"Article\",\"@id\":\"https:\/\/umluxodeviagem.com.br\/?p=1488#article\",\"isPartOf\":{\"@id\":\"https:\/\/umluxodeviagem.com.br\/?p=1488\"},\"author\":{\"name\":\"umluxodeviagem\",\"@id\":\"https:\/\/umluxodeviagem.com.br\/#\/schema\/person\/36339e8106e8e45c150d9bc5f2dc2e50\"},\"headline\":\"H\u00f4tel Barri\u00e8re le Gray d&#8217;Albion\",\"datePublished\":\"2020-06-13T12:41:44+00:00\",\"dateModified\":\"2020-06-14T13:49:43+00:00\",\"mainEntityOfPage\":{\"@id\":\"https:\/\/umluxodeviagem.com.br\/?p=1488\"},\"wordCount\":460,\"commentCount\":0,\"publisher\":{\"@id\":\"https:\/\/umluxodeviagem.com.br\/#organization\"},\"keywords\":[\"Cannes\",\"Fran\u00e7a\",\"Hot\u00e9is de luxo\",\"Hotel Barri\u00e8re Beach Le Gray\"],\"articleSection\":[\"Alta gastronomia\",\"Destinos internacionais\",\"Hot\u00e9is de luxo\",\"Resorts &amp; Lodges\"],\"inLanguage\":\"pt-BR\",\"potentialAction\":[{\"@type\":\"CommentAction\",\"name\":\"Comment\",\"target\":[\"https:\/\/umluxodeviagem.com.br\/?p=1488#respond\"]}]},{\"@type\":\"WebPage\",\"@id\":\"https:\/\/umluxodeviagem.com.br\/?p=1488\",\"url\":\"https:\/\/umluxodeviagem.com.br\/?p=1488\",\"name\":\"H\u00f4tel Barri\u00e8re le Gray d'Albion - Um luxo de viagem!\",\"isPartOf\":{\"@id\":\"https:\/\/umluxodeviagem.com.br\/#website\"},\"datePublished\":\"2020-06-13T12:41:44+00:00\",\"dateModified\":\"2020-06-14T13:49:43+00:00\",\"description\":\"O hotel \u00e9 um dos mais conceituados da Europa, estando em local privilegiado em Cannes\",\"breadcrumb\":{\"@id\":\"https:\/\/umluxodeviagem.com.br\/?p=1488#breadcrumb\"},\"inLanguage\":\"pt-BR\",\"potentialAction\":[{\"@type\":\"ReadAction\",\"target\":[\"https:\/\/umluxodeviagem.com.br\/?p=1488\"]}]},{\"@type\":\"BreadcrumbList\",\"@id\":\"https:\/\/umluxodeviagem.com.br\/?p=1488#breadcrumb\",\"itemListElement\":[{\"@type\":\"ListItem\",\"position\":1,\"name\":\"In\u00edcio\",\"item\":\"https:\/\/umluxodeviagem.com.br\/\"},{\"@type\":\"ListItem\",\"position\":2,\"name\":\"H\u00f4tel Barri\u00e8re le Gray d&#8217;Albion\"}]},{\"@type\":\"WebSite\",\"@id\":\"https:\/\/umluxodeviagem.com.br\/#website\",\"url\":\"https:\/\/umluxodeviagem.com.br\/\",\"name\":\"Um luxo de viagem\",\"description\":\"A melhor viagem \u00e9 sempre aquela que te transforma\",\"publisher\":{\"@id\":\"https:\/\/umluxodeviagem.com.br\/#organization\"},\"potentialAction\":[{\"@type\":\"SearchAction\",\"target\":{\"@type\":\"EntryPoint\",\"urlTemplate\":\"https:\/\/umluxodeviagem.com.br\/?s={search_term_string}\"},\"query-input\":\"required name=search_term_string\"}],\"inLanguage\":\"pt-BR\"},{\"@type\":\"Organization\",\"@id\":\"https:\/\/umluxodeviagem.com.br\/#organization\",\"name\":\"Um Luxo de Viagem\",\"url\":\"https:\/\/umluxodeviagem.com.br\/\",\"logo\":{\"@type\":\"ImageObject\",\"inLanguage\":\"pt-BR\",\"@id\":\"https:\/\/umluxodeviagem.com.br\/#\/schema\/logo\/image\/\",\"url\":\"\",\"contentUrl\":\"\",\"caption\":\"Um Luxo de Viagem\"},\"image\":{\"@id\":\"https:\/\/umluxodeviagem.com.br\/#\/schema\/logo\/image\/\"},\"sameAs\":[\"http:\/\/instagram.com\/umluxodeviagemsempre\",\"https:\/\/www.facebook.com\/Um-luxo-de-viagem-1382513402055793\/\"]},{\"@type\":\"Person\",\"@id\":\"https:\/\/umluxodeviagem.com.br\/#\/schema\/person\/36339e8106e8e45c150d9bc5f2dc2e50\",\"name\":\"umluxodeviagem\",\"description\":\"M\u00e1rcia Santos, paulistana, jornalista \u00e9 a respons\u00e1vel pelo site Um Luxo de Viagem.\\\"Viajar \u00e9 uma experi\u00eancia que proporciona conhecimento e auto-conhecimento. A parte mais bela de todo destino\\\", diz a jornalista.\",\"sameAs\":[\"http:\/\/umluxodeviagem.com.br\"]}]}<\/script>\n<!-- \/ Yoast SEO plugin. -->","yoast_head_json":{"title":"H\u00f4tel Barri\u00e8re le Gray d'Albion - Um luxo de viagem!","description":"O hotel \u00e9 um dos mais conceituados da Europa, estando em local privilegiado em Cannes","robots":{"index":"index","follow":"follow","max-snippet":"max-snippet:-1","max-image-preview":"max-image-preview:large","max-video-preview":"max-video-preview:-1"},"canonical":"https:\/\/umluxodeviagem.com.br\/?p=1488","og_locale":"pt_BR","og_type":"article","og_title":"H\u00f4tel Barri\u00e8re le Gray d'Albion - Um luxo de viagem!","og_description":"O hotel \u00e9 um dos mais conceituados da Europa, estando em local privilegiado em Cannes","og_url":"https:\/\/umluxodeviagem.com.br\/?p=1488","og_site_name":"Um luxo de viagem!","article_publisher":"https:\/\/www.facebook.com\/Um-luxo-de-viagem-1382513402055793\/","article_published_time":"2020-06-13T12:41:44+00:00","article_modified_time":"2020-06-14T13:49:43+00:00","og_image":[{"width":960,"height":640,"url":"https:\/\/umluxodeviagem.com.br\/wp-content\/uploads\/2020\/06\/ABERTURA.jpg","type":"image\/jpeg"}],"author":"umluxodeviagem","twitter_misc":{"Escrito por":"umluxodeviagem","Est. tempo de leitura":"2 minutos"},"schema":{"@context":"https:\/\/schema.org","@graph":[{"@type":"Article","@id":"https:\/\/umluxodeviagem.com.br\/?p=1488#article","isPartOf":{"@id":"https:\/\/umluxodeviagem.com.br\/?p=1488"},"author":{"name":"umluxodeviagem","@id":"https:\/\/umluxodeviagem.com.br\/#\/schema\/person\/36339e8106e8e45c150d9bc5f2dc2e50"},"headline":"H\u00f4tel Barri\u00e8re le Gray d&#8217;Albion","datePublished":"2020-06-13T12:41:44+00:00","dateModified":"2020-06-14T13:49:43+00:00","mainEntityOfPage":{"@id":"https:\/\/umluxodeviagem.com.br\/?p=1488"},"wordCount":460,"commentCount":0,"publisher":{"@id":"https:\/\/umluxodeviagem.com.br\/#organization"},"keywords":["Cannes","Fran\u00e7a","Hot\u00e9is de luxo","Hotel Barri\u00e8re Beach Le Gray"],"articleSection":["Alta gastronomia","Destinos internacionais","Hot\u00e9is de luxo","Resorts &amp; Lodges"],"inLanguage":"pt-BR","potentialAction":[{"@type":"CommentAction","name":"Comment","target":["https:\/\/umluxodeviagem.com.br\/?p=1488#respond"]}]},{"@type":"WebPage","@id":"https:\/\/umluxodeviagem.com.br\/?p=1488","url":"https:\/\/umluxodeviagem.com.br\/?p=1488","name":"H\u00f4tel Barri\u00e8re le Gray d'Albion - Um luxo de viagem!","isPartOf":{"@id":"https:\/\/umluxodeviagem.com.br\/#website"},"datePublished":"2020-06-13T12:41:44+00:00","dateModified":"2020-06-14T13:49:43+00:00","description":"O hotel \u00e9 um dos mais conceituados da Europa, estando em local privilegiado em Cannes","breadcrumb":{"@id":"https:\/\/umluxodeviagem.com.br\/?p=1488#breadcrumb"},"inLanguage":"pt-BR","potentialAction":[{"@type":"ReadAction","target":["https:\/\/umluxodeviagem.com.br\/?p=1488"]}]},{"@type":"BreadcrumbList","@id":"https:\/\/umluxodeviagem.com.br\/?p=1488#breadcrumb","itemListElement":[{"@type":"ListItem","position":1,"name":"In\u00edcio","item":"https:\/\/umluxodeviagem.com.br\/"},{"@type":"ListItem","position":2,"name":"H\u00f4tel Barri\u00e8re le Gray d&#8217;Albion"}]},{"@type":"WebSite","@id":"https:\/\/umluxodeviagem.com.br\/#website","url":"https:\/\/umluxodeviagem.com.br\/","name":"Um luxo de viagem","description":"A melhor viagem \u00e9 sempre aquela que te transforma","publisher":{"@id":"https:\/\/umluxodeviagem.com.br\/#organization"},"potentialAction":[{"@type":"SearchAction","target":{"@type":"EntryPoint","urlTemplate":"https:\/\/umluxodeviagem.com.br\/?s={search_term_string}"},"query-input":"required name=search_term_string"}],"inLanguage":"pt-BR"},{"@type":"Organization","@id":"https:\/\/umluxodeviagem.com.br\/#organization","name":"Um Luxo de Viagem","url":"https:\/\/umluxodeviagem.com.br\/","logo":{"@type":"ImageObject","inLanguage":"pt-BR","@id":"https:\/\/umluxodeviagem.com.br\/#\/schema\/logo\/image\/","url":"","contentUrl":"","caption":"Um Luxo de Viagem"},"image":{"@id":"https:\/\/umluxodeviagem.com.br\/#\/schema\/logo\/image\/"},"sameAs":["http:\/\/instagram.com\/umluxodeviagemsempre","https:\/\/www.facebook.com\/Um-luxo-de-viagem-1382513402055793\/"]},{"@type":"Person","@id":"https:\/\/umluxodeviagem.com.br\/#\/schema\/person\/36339e8106e8e45c150d9bc5f2dc2e50","name":"umluxodeviagem","description":"M\u00e1rcia Santos, paulistana, jornalista \u00e9 a respons\u00e1vel pelo site Um Luxo de Viagem.\"Viajar \u00e9 uma experi\u00eancia que proporciona conhecimento e auto-conhecimento. A parte mais bela de todo destino\", diz a jornalista.","sameAs":["http:\/\/umluxodeviagem.com.br"]}]}},"_links":{"self":[{"href":"https:\/\/umluxodeviagem.com.br\/index.php?rest_route=\/wp\/v2\/posts\/1488"}],"collection":[{"href":"https:\/\/umluxodeviagem.com.br\/index.php?rest_route=\/wp\/v2\/posts"}],"about":[{"href":"https:\/\/umluxodeviagem.com.br\/index.php?rest_route=\/wp\/v2\/types\/post"}],"author":[{"embeddable":true,"href":"https:\/\/umluxodeviagem.com.br\/index.php?rest_route=\/wp\/v2\/users\/1"}],"replies":[{"embeddable":true,"href":"https:\/\/umluxodeviagem.com.br\/index.php?rest_route=%2Fwp%2Fv2%2Fcomments&post=1488"}],"version-history":[{"count":8,"href":"https:\/\/umluxodeviagem.com.br\/index.php?rest_route=\/wp\/v2\/posts\/1488\/revisions"}],"predecessor-version":[{"id":1503,"href":"https:\/\/umluxodeviagem.com.br\/index.php?rest_route=\/wp\/v2\/posts\/1488\/revisions\/1503"}],"wp:featuredmedia":[{"embeddable":true,"href":"https:\/\/umluxodeviagem.com.br\/index.php?rest_route=\/wp\/v2\/media\/1494"}],"wp:attachment":[{"href":"https:\/\/umluxodeviagem.com.br\/index.php?rest_route=%2Fwp%2Fv2%2Fmedia&parent=1488"}],"wp:term":[{"taxonomy":"category","embeddable":true,"href":"https:\/\/umluxodeviagem.com.br\/index.php?rest_route=%2Fwp%2Fv2%2Fcategories&post=1488"},{"taxonomy":"post_tag","embeddable":true,"href":"https:\/\/umluxodeviagem.com.br\/index.php?rest_route=%2Fwp%2Fv2%2Ftags&post=1488"}],"curies":[{"name":"wp","href":"https:\/\/api.w.org\/{rel}","templated":true}]}}