{"id":1521,"date":"2020-07-07T18:28:59","date_gmt":"2020-07-07T21:28:59","guid":{"rendered":"https:\/\/umluxodeviagem.com.br\/?p=1521"},"modified":"2020-07-07T19:00:01","modified_gmt":"2020-07-07T22:00:01","slug":"paz-e-luxo-na-estrela-dagua-em-trancoso","status":"publish","type":"post","link":"https:\/\/umluxodeviagem.com.br\/?p=1521","title":{"rendered":"Paz e luxo na Estrela D\u00b4\u00e1gua, em Trancoso"},"content":{"rendered":"\n<figure class=\"wp-block-image size-large\"><img decoding=\"async\" loading=\"lazy\" width=\"1024\" height=\"683\" src=\"https:\/\/umluxodeviagem.com.br\/wp-content\/uploads\/2020\/07\/JOlaW3VQ-1024x683.jpeg\" alt=\"\" class=\"wp-image-1522\" srcset=\"https:\/\/umluxodeviagem.com.br\/wp-content\/uploads\/2020\/07\/JOlaW3VQ-1024x683.jpeg 1024w, https:\/\/umluxodeviagem.com.br\/wp-content\/uploads\/2020\/07\/JOlaW3VQ-300x200.jpeg 300w, https:\/\/umluxodeviagem.com.br\/wp-content\/uploads\/2020\/07\/JOlaW3VQ-768x512.jpeg 768w, https:\/\/umluxodeviagem.com.br\/wp-content\/uploads\/2020\/07\/JOlaW3VQ-1536x1024.jpeg 1536w, https:\/\/umluxodeviagem.com.br\/wp-content\/uploads\/2020\/07\/JOlaW3VQ-750x500.jpeg 750w, https:\/\/umluxodeviagem.com.br\/wp-content\/uploads\/2020\/07\/JOlaW3VQ-1140x760.jpeg 1140w, https:\/\/umluxodeviagem.com.br\/wp-content\/uploads\/2020\/07\/JOlaW3VQ.jpeg 1600w\" sizes=\"(max-width: 1024px) 100vw, 1024px\" \/><figcaption>Um hotel de sonho no sul da Bahia <\/figcaption><\/figure>\n\n\n\n<p><\/p>\n\n\n\n<p>Constru\u00eddo na Praia dos Nativos, em Trancoso, em meio a uma vegeta\u00e7\u00e3o surpreendente, o Hotel Boutique Estrela D&#8217;\u00c1gua \u00e9 daqueles endere\u00e7os inesquec\u00edveis que a gente procura quando deseja f\u00e9rias ou comemora\u00e7\u00f5es especiais. Com reabertura para o dia 15 de julho, o hotel seguir\u00e1 as regras de biosseguran\u00e7a para garantir o melhor para h\u00f3spedes e visitantes, oferecendo muito lazer e muitos servi\u00e7os exclusivos.<\/p>\n\n\n\n<figure class=\"wp-block-image size-large\"><img decoding=\"async\" loading=\"lazy\" width=\"1024\" height=\"682\" src=\"https:\/\/umluxodeviagem.com.br\/wp-content\/uploads\/2020\/07\/Bangalo-frente-mar-22_Easy-Resize.com_-1024x682.jpg\" alt=\"\" class=\"wp-image-1523\" srcset=\"https:\/\/umluxodeviagem.com.br\/wp-content\/uploads\/2020\/07\/Bangalo-frente-mar-22_Easy-Resize.com_-1024x682.jpg 1024w, https:\/\/umluxodeviagem.com.br\/wp-content\/uploads\/2020\/07\/Bangalo-frente-mar-22_Easy-Resize.com_-300x200.jpg 300w, https:\/\/umluxodeviagem.com.br\/wp-content\/uploads\/2020\/07\/Bangalo-frente-mar-22_Easy-Resize.com_-768x512.jpg 768w, https:\/\/umluxodeviagem.com.br\/wp-content\/uploads\/2020\/07\/Bangalo-frente-mar-22_Easy-Resize.com_-750x500.jpg 750w, https:\/\/umluxodeviagem.com.br\/wp-content\/uploads\/2020\/07\/Bangalo-frente-mar-22_Easy-Resize.com_-1140x760.jpg 1140w, https:\/\/umluxodeviagem.com.br\/wp-content\/uploads\/2020\/07\/Bangalo-frente-mar-22_Easy-Resize.com_.jpg 1280w\" sizes=\"(max-width: 1024px) 100vw, 1024px\" \/><figcaption>Bangal\u00f4s de frente para o mar que podem chegar a 200 metros quadrados<\/figcaption><\/figure>\n\n\n\n<p><strong>Vista para o Mar<\/strong><br>O hotel \u00e9 um deslumbre. Como n\u00e3o bastasse a imensa \u00e1rea verde, desenhada pela exuber\u00e2ncia da Mata Atl\u00e2ntica, as 28 acomoda\u00e7\u00f5es disp\u00f5em de decora\u00e7\u00e3o r\u00fastica e chique, varandas super charmosas, com vista para o mar ou belos jardins, classificadas em seis diferentes categorias (su\u00edtes Superior e Solarium; e bangal\u00f4s Master,Trancoso, Estrela e Costa).<\/p>\n\n\n\n<figure class=\"wp-block-image size-large\"><img decoding=\"async\" loading=\"lazy\" width=\"1024\" height=\"678\" src=\"https:\/\/umluxodeviagem.com.br\/wp-content\/uploads\/2020\/07\/Bangalo-frente-mar-26_Easy-Resize.com_-1024x678.jpg\" alt=\"\" class=\"wp-image-1524\" srcset=\"https:\/\/umluxodeviagem.com.br\/wp-content\/uploads\/2020\/07\/Bangalo-frente-mar-26_Easy-Resize.com_-1024x678.jpg 1024w, https:\/\/umluxodeviagem.com.br\/wp-content\/uploads\/2020\/07\/Bangalo-frente-mar-26_Easy-Resize.com_-300x199.jpg 300w, https:\/\/umluxodeviagem.com.br\/wp-content\/uploads\/2020\/07\/Bangalo-frente-mar-26_Easy-Resize.com_-768x508.jpg 768w, https:\/\/umluxodeviagem.com.br\/wp-content\/uploads\/2020\/07\/Bangalo-frente-mar-26_Easy-Resize.com_-750x496.jpg 750w, https:\/\/umluxodeviagem.com.br\/wp-content\/uploads\/2020\/07\/Bangalo-frente-mar-26_Easy-Resize.com_-1140x754.jpg 1140w, https:\/\/umluxodeviagem.com.br\/wp-content\/uploads\/2020\/07\/Bangalo-frente-mar-26_Easy-Resize.com_.jpg 1280w\" sizes=\"(max-width: 1024px) 100vw, 1024px\" \/><figcaption>O Charme do branco e do azul do mar<\/figcaption><\/figure>\n\n\n\n<p><strong>Um bangal\u00f4 de 200 metros<\/strong><br>Entre as op\u00e7\u00f5es de hospedagem, vale destacar o bangal\u00f4 Costa, um bangal\u00f4 exclusivo, com vista para um mar lindo e transl\u00facido. Com nada menos que 200 metros quadrados, conta com closet e varanda com espregui\u00e7adeira no piso superior. Na parte inferior, h\u00e1 uma grande sala de estar, lavat\u00f3rio, al\u00e9m de um deck de hidromassagem, mais espregui\u00e7adeiras e claro, uma deliciosa rede.<\/p>\n\n\n\n<figure class=\"wp-block-image size-large\"><img decoding=\"async\" loading=\"lazy\" width=\"780\" height=\"585\" src=\"https:\/\/umluxodeviagem.com.br\/wp-content\/uploads\/2020\/07\/16-pousada-estreladagua-trancoso.jpg\" alt=\"\" class=\"wp-image-1525\" srcset=\"https:\/\/umluxodeviagem.com.br\/wp-content\/uploads\/2020\/07\/16-pousada-estreladagua-trancoso.jpg 780w, https:\/\/umluxodeviagem.com.br\/wp-content\/uploads\/2020\/07\/16-pousada-estreladagua-trancoso-300x225.jpg 300w, https:\/\/umluxodeviagem.com.br\/wp-content\/uploads\/2020\/07\/16-pousada-estreladagua-trancoso-768x576.jpg 768w, https:\/\/umluxodeviagem.com.br\/wp-content\/uploads\/2020\/07\/16-pousada-estreladagua-trancoso-750x563.jpg 750w\" sizes=\"(max-width: 780px) 100vw, 780px\" \/><figcaption>A 600 metros do Quadrado de Trancoso<\/figcaption><\/figure>\n\n\n\n<p><strong>Mergulho, massagens e medita\u00e7\u00e3o<\/strong><br>O hotel, que conta com restaurantes (com o melhor da gastronomia baiana, internacional e japonesa), duas grandes piscinas, SPA, sala de estar com TV, sal\u00e3o de jogos, boutique e est\u00fadio de gin\u00e1stica, ainda oferece programa\u00e7\u00e3o que pode tornar a sua estadia ainda mais perfeita. Entre as alternativas est\u00e3o aulas de mergulho, passeios de caiaque, pr\u00e1tica de stand up paddle, voltas de bicicleta e quadriciclo, al\u00e9m de massagens, aulas yoga ou medita\u00e7\u00e3o. Tudo projetado para atender cada cliente.<\/p>\n\n\n\n<figure class=\"wp-block-image size-large\"><img decoding=\"async\" loading=\"lazy\" width=\"1024\" height=\"683\" src=\"https:\/\/umluxodeviagem.com.br\/wp-content\/uploads\/2020\/07\/RKDEOMMw-1024x683.jpeg\" alt=\"\" class=\"wp-image-1526\" srcset=\"https:\/\/umluxodeviagem.com.br\/wp-content\/uploads\/2020\/07\/RKDEOMMw-1024x683.jpeg 1024w, https:\/\/umluxodeviagem.com.br\/wp-content\/uploads\/2020\/07\/RKDEOMMw-300x200.jpeg 300w, https:\/\/umluxodeviagem.com.br\/wp-content\/uploads\/2020\/07\/RKDEOMMw-768x512.jpeg 768w, https:\/\/umluxodeviagem.com.br\/wp-content\/uploads\/2020\/07\/RKDEOMMw-1536x1024.jpeg 1536w, https:\/\/umluxodeviagem.com.br\/wp-content\/uploads\/2020\/07\/RKDEOMMw-750x500.jpeg 750w, https:\/\/umluxodeviagem.com.br\/wp-content\/uploads\/2020\/07\/RKDEOMMw-1140x760.jpeg 1140w, https:\/\/umluxodeviagem.com.br\/wp-content\/uploads\/2020\/07\/RKDEOMMw.jpeg 1600w\" sizes=\"(max-width: 1024px) 100vw, 1024px\" \/><figcaption>As cerim\u00f4nias de casamento feitas no Hotel s\u00e3o deslumbrantes<\/figcaption><\/figure>\n\n\n\n<p><strong>Antigas casas de pescadores<\/strong><\/p>\n\n\n\n<p>O hotel fica a 600 metros do conhecido Quadrado, onde est\u00e3o as charmosas casas antigas de pescadores e tamb\u00e9m boutiques, galerias de arte e restaurantes. Trata-se de um lugar delicioso para passear durante o dia, caminhar a noite, desfrutar com a fam\u00edlia ou reunir-se com os amigos. Some a tudo isso, um cen\u00e1rio perfeito, repleto de belezas naturais, com o mar de \u00e1guas mornas e fal\u00e9sias coloridas.\u00c9 tudo absolutamente lindo.<\/p>\n\n\n\n<figure class=\"wp-block-image size-large\"><img decoding=\"async\" loading=\"lazy\" width=\"780\" height=\"585\" src=\"https:\/\/umluxodeviagem.com.br\/wp-content\/uploads\/2020\/07\/restaurante.jpg\" alt=\"\" class=\"wp-image-1527\" srcset=\"https:\/\/umluxodeviagem.com.br\/wp-content\/uploads\/2020\/07\/restaurante.jpg 780w, https:\/\/umluxodeviagem.com.br\/wp-content\/uploads\/2020\/07\/restaurante-300x225.jpg 300w, https:\/\/umluxodeviagem.com.br\/wp-content\/uploads\/2020\/07\/restaurante-768x576.jpg 768w, https:\/\/umluxodeviagem.com.br\/wp-content\/uploads\/2020\/07\/restaurante-750x563.jpg 750w\" sizes=\"(max-width: 780px) 100vw, 780px\" \/><figcaption>O melhor da gastronomia  internacional, baiana e japonesa<\/figcaption><\/figure>\n\n\n\n<p><strong>Perfeito para casamentos<\/strong><br>J\u00e1 consolidado como um destino casamentos e celebra\u00e7\u00f5es, Trancoso tem encantado cada vez mais os visitantes. Para eventos pequenos ou grandes, familiares ou corporativos, o Hotel Boutique Estrela D&#8217;\u00c1gua disp\u00f5e de infraestrutura completa para v\u00e1rios tipos de eventos, personalizando cada um deles. Quanto aos casamentos, por exemplo, s\u00e3o realizados em sua maioria no fim de semana (na praia ou no jardim) e a festa ocorre em torno da piscina \u2013 preferencialmente na hora do p\u00f4r do sol. Pelo fato de um casamento reunir um grande n\u00famero de pessoas exige-se que os noivos reservem todas as 28 unidades (su\u00edtes e bangal\u00f4s) por tr\u00eas dias, o que garante a privacidade da fam\u00edlia e dos convidados durante a cerim\u00f4nia e a festa. Um luxo!<\/p>\n\n\n\n<p><strong>Anote<\/strong><br><a href=\"https:\/\/l.facebook.com\/l.php?u=http%3A%2F%2Fwww.estreladagua.com.br%2F%3Ffbclid%3DIwAR2bkxy5dzkNdZsyjm8HxfT_ozDMjBiXFxA8CDSKyFeXbwbgg-RlnDzJgbA&amp;h=AT2qWLxjN1tsKt9WpOe18hKN_v6fI-MHI_jiVwuvMDEOxgNqpHBPMKh0Qb2pW_WveF56sGb2ElXhbX_GQe2LBeh0JibBefPQJUpcpMsHP3HAR9bSDZZ5T2XB49gUR7_6d4vcMWu9SM29qGZQ7EejHgSqPP5KLaGnIoxXCfRn7F78FCXwZBFl3tERRBBMDiCReFqoXgMwVZ7giqp70m9-p9_rR_uaxYy7Ucau_OBFHNGjCGVrKhe2XVb4eR3ax_q6j-5QHSL5pUcW053X2kjfwB8NBeHNMnYThQ-QnMVGlMj1NCUBfCjdzZWWR6N-_FERHMisBCHUz35ahk683LWBLnm_ByF1AIH2W-pAUJpoXPonwcXsPe7JIMCgBLohPsoND3_n3rRWl3sTT63CPrJ3h93d7pE1S7T3YBouBzgfsumsj_l21WFC3PrR_j1580LuDQN-kaSihUZoiqPpFi2Y0e3UQdxU36fadhr83rwxgQwsDG6JJRmzG9u8Dn9-ZTpuK8TRaVo0ZHkl1RFjxAUsfRWdbZjLCDomHtlFsXjBzhm5JCuVwg7UjnvlxAa_Q6oHmBwK3IyMPAb4V24-l0sX-FITUEb73kxFmoqvBA_BD30vdV-3sR_1u4qci9dhL0ZvvLb_0mw\" target=\"_blank\" rel=\"noreferrer noopener\">www.estreladagua.com.br<\/a><br><a href=\"https:\/\/www.facebook.com\/hashtag\/estreladagua?__eep__=6&amp;source=feed_text&amp;epa=HASHTAG&amp;__xts__%5B0%5D=68.ARAA-dxSYcJg5tPqve0HR5Shk2iV7uXT8C4qnKCptlJfeu_g-PvF2tSW0BGnP4DTJpTO-ur1Z0Y8NpfKl3Y3dg02VMmobDuhPCTDhC6uwqKl7v1BBC04bTW9B5AAg8qIw6okJBKP49cd1Zy9la2BNt4TSw7g5xM-SygflBU0_PplVx-iSrn6SvHS1YuhHnYiDp0PiSElq-jvqgt3T9bgbaQ1ZcwHWa5yL1FM8OQWwcImxG_rnL4qVxkTtpozdzOnXkRnChLpwSecZHuCFOVZQDSi9iXoJOZhfAXdRhIWGXs3_SiIMsmgD40FUQNk1x33gFn1WAtkQNcOde7SvBuzYpzRkKC4&amp;__tn__=%2ANK-R\">#estreladagua<\/a><br><a href=\"https:\/\/www.facebook.com\/hashtag\/trancoso?__eep__=6&amp;source=feed_text&amp;epa=HASHTAG&amp;__xts__%5B0%5D=68.ARAA-dxSYcJg5tPqve0HR5Shk2iV7uXT8C4qnKCptlJfeu_g-PvF2tSW0BGnP4DTJpTO-ur1Z0Y8NpfKl3Y3dg02VMmobDuhPCTDhC6uwqKl7v1BBC04bTW9B5AAg8qIw6okJBKP49cd1Zy9la2BNt4TSw7g5xM-SygflBU0_PplVx-iSrn6SvHS1YuhHnYiDp0PiSElq-jvqgt3T9bgbaQ1ZcwHWa5yL1FM8OQWwcImxG_rnL4qVxkTtpozdzOnXkRnChLpwSecZHuCFOVZQDSi9iXoJOZhfAXdRhIWGXs3_SiIMsmgD40FUQNk1x33gFn1WAtkQNcOde7SvBuzYpzRkKC4&amp;__tn__=%2ANK-R\">#trancoso<\/a><br><a href=\"https:\/\/www.facebook.com\/hashtag\/destinationwedding?__eep__=6&amp;source=feed_text&amp;epa=HASHTAG&amp;__xts__%5B0%5D=68.ARAA-dxSYcJg5tPqve0HR5Shk2iV7uXT8C4qnKCptlJfeu_g-PvF2tSW0BGnP4DTJpTO-ur1Z0Y8NpfKl3Y3dg02VMmobDuhPCTDhC6uwqKl7v1BBC04bTW9B5AAg8qIw6okJBKP49cd1Zy9la2BNt4TSw7g5xM-SygflBU0_PplVx-iSrn6SvHS1YuhHnYiDp0PiSElq-jvqgt3T9bgbaQ1ZcwHWa5yL1FM8OQWwcImxG_rnL4qVxkTtpozdzOnXkRnChLpwSecZHuCFOVZQDSi9iXoJOZhfAXdRhIWGXs3_SiIMsmgD40FUQNk1x33gFn1WAtkQNcOde7SvBuzYpzRkKC4&amp;__tn__=%2ANK-R\">#destinationwedding<\/a><br><a href=\"https:\/\/www.facebook.com\/hashtag\/bahia?__eep__=6&amp;source=feed_text&amp;epa=HASHTAG&amp;__xts__%5B0%5D=68.ARAA-dxSYcJg5tPqve0HR5Shk2iV7uXT8C4qnKCptlJfeu_g-PvF2tSW0BGnP4DTJpTO-ur1Z0Y8NpfKl3Y3dg02VMmobDuhPCTDhC6uwqKl7v1BBC04bTW9B5AAg8qIw6okJBKP49cd1Zy9la2BNt4TSw7g5xM-SygflBU0_PplVx-iSrn6SvHS1YuhHnYiDp0PiSElq-jvqgt3T9bgbaQ1ZcwHWa5yL1FM8OQWwcImxG_rnL4qVxkTtpozdzOnXkRnChLpwSecZHuCFOVZQDSi9iXoJOZhfAXdRhIWGXs3_SiIMsmgD40FUQNk1x33gFn1WAtkQNcOde7SvBuzYpzRkKC4&amp;__tn__=%2ANK-R\">#bahia<\/a><br><a href=\"https:\/\/www.facebook.com\/hashtag\/suldabahia?__eep__=6&amp;source=feed_text&amp;epa=HASHTAG&amp;__xts__%5B0%5D=68.ARAA-dxSYcJg5tPqve0HR5Shk2iV7uXT8C4qnKCptlJfeu_g-PvF2tSW0BGnP4DTJpTO-ur1Z0Y8NpfKl3Y3dg02VMmobDuhPCTDhC6uwqKl7v1BBC04bTW9B5AAg8qIw6okJBKP49cd1Zy9la2BNt4TSw7g5xM-SygflBU0_PplVx-iSrn6SvHS1YuhHnYiDp0PiSElq-jvqgt3T9bgbaQ1ZcwHWa5yL1FM8OQWwcImxG_rnL4qVxkTtpozdzOnXkRnChLpwSecZHuCFOVZQDSi9iXoJOZhfAXdRhIWGXs3_SiIMsmgD40FUQNk1x33gFn1WAtkQNcOde7SvBuzYpzRkKC4&amp;__tn__=%2ANK-R\">#suldabahia<\/a><br><a href=\"https:\/\/www.facebook.com\/hashtag\/casaremtrancoso?__eep__=6&amp;source=feed_text&amp;epa=HASHTAG&amp;__xts__%5B0%5D=68.ARAA-dxSYcJg5tPqve0HR5Shk2iV7uXT8C4qnKCptlJfeu_g-PvF2tSW0BGnP4DTJpTO-ur1Z0Y8NpfKl3Y3dg02VMmobDuhPCTDhC6uwqKl7v1BBC04bTW9B5AAg8qIw6okJBKP49cd1Zy9la2BNt4TSw7g5xM-SygflBU0_PplVx-iSrn6SvHS1YuhHnYiDp0PiSElq-jvqgt3T9bgbaQ1ZcwHWa5yL1FM8OQWwcImxG_rnL4qVxkTtpozdzOnXkRnChLpwSecZHuCFOVZQDSi9iXoJOZhfAXdRhIWGXs3_SiIMsmgD40FUQNk1x33gFn1WAtkQNcOde7SvBuzYpzRkKC4&amp;__tn__=%2ANK-R\">#casaremtrancoso<\/a><\/p>\n\n\n\n<p><em><strong>Imagens: Divulga\u00e7\u00e3o<\/strong><\/em><\/p>\n","protected":false},"excerpt":{"rendered":"<p>Constru\u00eddo na Praia dos Nativos, em Trancoso, em meio a uma vegeta\u00e7\u00e3o surpreendente, o Hotel Boutique Estrela D&#8217;\u00c1gua \u00e9 daqueles endere\u00e7os inesquec\u00edveis que a gente procura quando deseja f\u00e9rias ou comemora\u00e7\u00f5es especiais. Com reabertura para o dia 15 de julho, o hotel seguir\u00e1 as regras de biosseguran\u00e7a para garantir o melhor para h\u00f3spedes e visitantes,&hellip; <br \/> <a class=\"read-more\" href=\"https:\/\/umluxodeviagem.com.br\/?p=1521\">Leia mais<\/a><\/p>\n","protected":false},"author":1,"featured_media":1532,"comment_status":"open","ping_status":"open","sticky":false,"template":"","format":"standard","meta":[],"categories":[374,363,367,368,377],"tags":[437,436,434,438],"yoast_head":"<!-- This site is optimized with the Yoast SEO plugin v19.13 - https:\/\/yoast.com\/wordpress\/plugins\/seo\/ -->\n<title>Paz e luxo na Estrela D\u00b4\u00e1gua, em Trancoso - Um luxo de viagem!<\/title>\n<meta name=\"robots\" content=\"index, follow, max-snippet:-1, max-image-preview:large, max-video-preview:-1\" \/>\n<link rel=\"canonical\" href=\"https:\/\/umluxodeviagem.com.br\/?p=1521\" \/>\n<meta property=\"og:locale\" content=\"pt_BR\" \/>\n<meta property=\"og:type\" content=\"article\" \/>\n<meta property=\"og:title\" content=\"Paz e luxo na Estrela D\u00b4\u00e1gua, em Trancoso - Um luxo de viagem!\" \/>\n<meta property=\"og:description\" content=\"Constru\u00eddo na Praia dos Nativos, em Trancoso, em meio a uma vegeta\u00e7\u00e3o surpreendente, o Hotel Boutique Estrela D&#8217;\u00c1gua \u00e9 daqueles endere\u00e7os inesquec\u00edveis que a gente procura quando deseja f\u00e9rias ou comemora\u00e7\u00f5es especiais. Com reabertura para o dia 15 de julho, o hotel seguir\u00e1 as regras de biosseguran\u00e7a para garantir o melhor para h\u00f3spedes e visitantes,&hellip; Leia mais\" \/>\n<meta property=\"og:url\" content=\"https:\/\/umluxodeviagem.com.br\/?p=1521\" \/>\n<meta property=\"og:site_name\" content=\"Um luxo de viagem!\" \/>\n<meta property=\"article:publisher\" content=\"https:\/\/www.facebook.com\/Um-luxo-de-viagem-1382513402055793\/\" \/>\n<meta property=\"article:published_time\" content=\"2020-07-07T21:28:59+00:00\" \/>\n<meta property=\"article:modified_time\" content=\"2020-07-07T22:00:01+00:00\" \/>\n<meta property=\"og:image\" content=\"https:\/\/umluxodeviagem.com.br\/wp-content\/uploads\/2020\/07\/qbIZrHag.jpeg\" \/>\n\t<meta property=\"og:image:width\" content=\"1600\" \/>\n\t<meta property=\"og:image:height\" content=\"1048\" \/>\n\t<meta property=\"og:image:type\" content=\"image\/jpeg\" \/>\n<meta name=\"author\" content=\"umluxodeviagem\" \/>\n<meta name=\"twitter:label1\" content=\"Escrito por\" \/>\n\t<meta name=\"twitter:data1\" content=\"umluxodeviagem\" \/>\n\t<meta name=\"twitter:label2\" content=\"Est. tempo de leitura\" \/>\n\t<meta name=\"twitter:data2\" content=\"3 minutos\" \/>\n<script type=\"application\/ld+json\" class=\"yoast-schema-graph\">{\"@context\":\"https:\/\/schema.org\",\"@graph\":[{\"@type\":\"Article\",\"@id\":\"https:\/\/umluxodeviagem.com.br\/?p=1521#article\",\"isPartOf\":{\"@id\":\"https:\/\/umluxodeviagem.com.br\/?p=1521\"},\"author\":{\"name\":\"umluxodeviagem\",\"@id\":\"https:\/\/umluxodeviagem.com.br\/#\/schema\/person\/36339e8106e8e45c150d9bc5f2dc2e50\"},\"headline\":\"Paz e luxo na Estrela D\u00b4\u00e1gua, em Trancoso\",\"datePublished\":\"2020-07-07T21:28:59+00:00\",\"dateModified\":\"2020-07-07T22:00:01+00:00\",\"mainEntityOfPage\":{\"@id\":\"https:\/\/umluxodeviagem.com.br\/?p=1521\"},\"wordCount\":585,\"commentCount\":0,\"publisher\":{\"@id\":\"https:\/\/umluxodeviagem.com.br\/#organization\"},\"keywords\":[\"Bahia.\",\"Estrrela D\u00b4Agua\",\"Trancoso\",\"Wedding Destination\"],\"articleSection\":[\"Alta gastronomia\",\"Destinos nacionais\",\"Hot\u00e9is de luxo\",\"Resorts &amp; Lodges\",\"Sa\u00fade &amp; Bem estar\"],\"inLanguage\":\"pt-BR\",\"potentialAction\":[{\"@type\":\"CommentAction\",\"name\":\"Comment\",\"target\":[\"https:\/\/umluxodeviagem.com.br\/?p=1521#respond\"]}]},{\"@type\":\"WebPage\",\"@id\":\"https:\/\/umluxodeviagem.com.br\/?p=1521\",\"url\":\"https:\/\/umluxodeviagem.com.br\/?p=1521\",\"name\":\"Paz e luxo na Estrela D\u00b4\u00e1gua, em Trancoso - Um luxo de viagem!\",\"isPartOf\":{\"@id\":\"https:\/\/umluxodeviagem.com.br\/#website\"},\"datePublished\":\"2020-07-07T21:28:59+00:00\",\"dateModified\":\"2020-07-07T22:00:01+00:00\",\"breadcrumb\":{\"@id\":\"https:\/\/umluxodeviagem.com.br\/?p=1521#breadcrumb\"},\"inLanguage\":\"pt-BR\",\"potentialAction\":[{\"@type\":\"ReadAction\",\"target\":[\"https:\/\/umluxodeviagem.com.br\/?p=1521\"]}]},{\"@type\":\"BreadcrumbList\",\"@id\":\"https:\/\/umluxodeviagem.com.br\/?p=1521#breadcrumb\",\"itemListElement\":[{\"@type\":\"ListItem\",\"position\":1,\"name\":\"In\u00edcio\",\"item\":\"https:\/\/umluxodeviagem.com.br\/\"},{\"@type\":\"ListItem\",\"position\":2,\"name\":\"Paz e luxo na Estrela D\u00b4\u00e1gua, em Trancoso\"}]},{\"@type\":\"WebSite\",\"@id\":\"https:\/\/umluxodeviagem.com.br\/#website\",\"url\":\"https:\/\/umluxodeviagem.com.br\/\",\"name\":\"Um luxo de viagem\",\"description\":\"A melhor viagem \u00e9 sempre aquela que te transforma\",\"publisher\":{\"@id\":\"https:\/\/umluxodeviagem.com.br\/#organization\"},\"potentialAction\":[{\"@type\":\"SearchAction\",\"target\":{\"@type\":\"EntryPoint\",\"urlTemplate\":\"https:\/\/umluxodeviagem.com.br\/?s={search_term_string}\"},\"query-input\":\"required name=search_term_string\"}],\"inLanguage\":\"pt-BR\"},{\"@type\":\"Organization\",\"@id\":\"https:\/\/umluxodeviagem.com.br\/#organization\",\"name\":\"Um Luxo de Viagem\",\"url\":\"https:\/\/umluxodeviagem.com.br\/\",\"logo\":{\"@type\":\"ImageObject\",\"inLanguage\":\"pt-BR\",\"@id\":\"https:\/\/umluxodeviagem.com.br\/#\/schema\/logo\/image\/\",\"url\":\"\",\"contentUrl\":\"\",\"caption\":\"Um Luxo de Viagem\"},\"image\":{\"@id\":\"https:\/\/umluxodeviagem.com.br\/#\/schema\/logo\/image\/\"},\"sameAs\":[\"http:\/\/instagram.com\/umluxodeviagemsempre\",\"https:\/\/www.facebook.com\/Um-luxo-de-viagem-1382513402055793\/\"]},{\"@type\":\"Person\",\"@id\":\"https:\/\/umluxodeviagem.com.br\/#\/schema\/person\/36339e8106e8e45c150d9bc5f2dc2e50\",\"name\":\"umluxodeviagem\",\"description\":\"M\u00e1rcia Santos, paulistana, jornalista \u00e9 a respons\u00e1vel pelo site Um Luxo de Viagem.\\\"Viajar \u00e9 uma experi\u00eancia que proporciona conhecimento e auto-conhecimento. A parte mais bela de todo destino\\\", diz a jornalista.\",\"sameAs\":[\"http:\/\/umluxodeviagem.com.br\"]}]}<\/script>\n<!-- \/ Yoast SEO plugin. -->","yoast_head_json":{"title":"Paz e luxo na Estrela D\u00b4\u00e1gua, em Trancoso - Um luxo de viagem!","robots":{"index":"index","follow":"follow","max-snippet":"max-snippet:-1","max-image-preview":"max-image-preview:large","max-video-preview":"max-video-preview:-1"},"canonical":"https:\/\/umluxodeviagem.com.br\/?p=1521","og_locale":"pt_BR","og_type":"article","og_title":"Paz e luxo na Estrela D\u00b4\u00e1gua, em Trancoso - Um luxo de viagem!","og_description":"Constru\u00eddo na Praia dos Nativos, em Trancoso, em meio a uma vegeta\u00e7\u00e3o surpreendente, o Hotel Boutique Estrela D&#8217;\u00c1gua \u00e9 daqueles endere\u00e7os inesquec\u00edveis que a gente procura quando deseja f\u00e9rias ou comemora\u00e7\u00f5es especiais. Com reabertura para o dia 15 de julho, o hotel seguir\u00e1 as regras de biosseguran\u00e7a para garantir o melhor para h\u00f3spedes e visitantes,&hellip; Leia mais","og_url":"https:\/\/umluxodeviagem.com.br\/?p=1521","og_site_name":"Um luxo de viagem!","article_publisher":"https:\/\/www.facebook.com\/Um-luxo-de-viagem-1382513402055793\/","article_published_time":"2020-07-07T21:28:59+00:00","article_modified_time":"2020-07-07T22:00:01+00:00","og_image":[{"width":1600,"height":1048,"url":"https:\/\/umluxodeviagem.com.br\/wp-content\/uploads\/2020\/07\/qbIZrHag.jpeg","type":"image\/jpeg"}],"author":"umluxodeviagem","twitter_misc":{"Escrito por":"umluxodeviagem","Est. tempo de leitura":"3 minutos"},"schema":{"@context":"https:\/\/schema.org","@graph":[{"@type":"Article","@id":"https:\/\/umluxodeviagem.com.br\/?p=1521#article","isPartOf":{"@id":"https:\/\/umluxodeviagem.com.br\/?p=1521"},"author":{"name":"umluxodeviagem","@id":"https:\/\/umluxodeviagem.com.br\/#\/schema\/person\/36339e8106e8e45c150d9bc5f2dc2e50"},"headline":"Paz e luxo na Estrela D\u00b4\u00e1gua, em Trancoso","datePublished":"2020-07-07T21:28:59+00:00","dateModified":"2020-07-07T22:00:01+00:00","mainEntityOfPage":{"@id":"https:\/\/umluxodeviagem.com.br\/?p=1521"},"wordCount":585,"commentCount":0,"publisher":{"@id":"https:\/\/umluxodeviagem.com.br\/#organization"},"keywords":["Bahia.","Estrrela D\u00b4Agua","Trancoso","Wedding Destination"],"articleSection":["Alta gastronomia","Destinos nacionais","Hot\u00e9is de luxo","Resorts &amp; Lodges","Sa\u00fade &amp; Bem estar"],"inLanguage":"pt-BR","potentialAction":[{"@type":"CommentAction","name":"Comment","target":["https:\/\/umluxodeviagem.com.br\/?p=1521#respond"]}]},{"@type":"WebPage","@id":"https:\/\/umluxodeviagem.com.br\/?p=1521","url":"https:\/\/umluxodeviagem.com.br\/?p=1521","name":"Paz e luxo na Estrela D\u00b4\u00e1gua, em Trancoso - Um luxo de viagem!","isPartOf":{"@id":"https:\/\/umluxodeviagem.com.br\/#website"},"datePublished":"2020-07-07T21:28:59+00:00","dateModified":"2020-07-07T22:00:01+00:00","breadcrumb":{"@id":"https:\/\/umluxodeviagem.com.br\/?p=1521#breadcrumb"},"inLanguage":"pt-BR","potentialAction":[{"@type":"ReadAction","target":["https:\/\/umluxodeviagem.com.br\/?p=1521"]}]},{"@type":"BreadcrumbList","@id":"https:\/\/umluxodeviagem.com.br\/?p=1521#breadcrumb","itemListElement":[{"@type":"ListItem","position":1,"name":"In\u00edcio","item":"https:\/\/umluxodeviagem.com.br\/"},{"@type":"ListItem","position":2,"name":"Paz e luxo na Estrela D\u00b4\u00e1gua, em Trancoso"}]},{"@type":"WebSite","@id":"https:\/\/umluxodeviagem.com.br\/#website","url":"https:\/\/umluxodeviagem.com.br\/","name":"Um luxo de viagem","description":"A melhor viagem \u00e9 sempre aquela que te transforma","publisher":{"@id":"https:\/\/umluxodeviagem.com.br\/#organization"},"potentialAction":[{"@type":"SearchAction","target":{"@type":"EntryPoint","urlTemplate":"https:\/\/umluxodeviagem.com.br\/?s={search_term_string}"},"query-input":"required name=search_term_string"}],"inLanguage":"pt-BR"},{"@type":"Organization","@id":"https:\/\/umluxodeviagem.com.br\/#organization","name":"Um Luxo de Viagem","url":"https:\/\/umluxodeviagem.com.br\/","logo":{"@type":"ImageObject","inLanguage":"pt-BR","@id":"https:\/\/umluxodeviagem.com.br\/#\/schema\/logo\/image\/","url":"","contentUrl":"","caption":"Um Luxo de Viagem"},"image":{"@id":"https:\/\/umluxodeviagem.com.br\/#\/schema\/logo\/image\/"},"sameAs":["http:\/\/instagram.com\/umluxodeviagemsempre","https:\/\/www.facebook.com\/Um-luxo-de-viagem-1382513402055793\/"]},{"@type":"Person","@id":"https:\/\/umluxodeviagem.com.br\/#\/schema\/person\/36339e8106e8e45c150d9bc5f2dc2e50","name":"umluxodeviagem","description":"M\u00e1rcia Santos, paulistana, jornalista \u00e9 a respons\u00e1vel pelo site Um Luxo de Viagem.\"Viajar \u00e9 uma experi\u00eancia que proporciona conhecimento e auto-conhecimento. A parte mais bela de todo destino\", diz a jornalista.","sameAs":["http:\/\/umluxodeviagem.com.br"]}]}},"_links":{"self":[{"href":"https:\/\/umluxodeviagem.com.br\/index.php?rest_route=\/wp\/v2\/posts\/1521"}],"collection":[{"href":"https:\/\/umluxodeviagem.com.br\/index.php?rest_route=\/wp\/v2\/posts"}],"about":[{"href":"https:\/\/umluxodeviagem.com.br\/index.php?rest_route=\/wp\/v2\/types\/post"}],"author":[{"embeddable":true,"href":"https:\/\/umluxodeviagem.com.br\/index.php?rest_route=\/wp\/v2\/users\/1"}],"replies":[{"embeddable":true,"href":"https:\/\/umluxodeviagem.com.br\/index.php?rest_route=%2Fwp%2Fv2%2Fcomments&post=1521"}],"version-history":[{"count":2,"href":"https:\/\/umluxodeviagem.com.br\/index.php?rest_route=\/wp\/v2\/posts\/1521\/revisions"}],"predecessor-version":[{"id":1530,"href":"https:\/\/umluxodeviagem.com.br\/index.php?rest_route=\/wp\/v2\/posts\/1521\/revisions\/1530"}],"wp:featuredmedia":[{"embeddable":true,"href":"https:\/\/umluxodeviagem.com.br\/index.php?rest_route=\/wp\/v2\/media\/1532"}],"wp:attachment":[{"href":"https:\/\/umluxodeviagem.com.br\/index.php?rest_route=%2Fwp%2Fv2%2Fmedia&parent=1521"}],"wp:term":[{"taxonomy":"category","embeddable":true,"href":"https:\/\/umluxodeviagem.com.br\/index.php?rest_route=%2Fwp%2Fv2%2Fcategories&post=1521"},{"taxonomy":"post_tag","embeddable":true,"href":"https:\/\/umluxodeviagem.com.br\/index.php?rest_route=%2Fwp%2Fv2%2Ftags&post=1521"}],"curies":[{"name":"wp","href":"https:\/\/api.w.org\/{rel}","templated":true}]}}