{"id":15929,"date":"2024-03-20T12:47:02","date_gmt":"2024-03-20T15:47:02","guid":{"rendered":"https:\/\/umluxodeviagem.com.br\/?p=15929"},"modified":"2024-03-20T12:47:05","modified_gmt":"2024-03-20T15:47:05","slug":"museu-do-ipiranga-as-novas-exposicoes-do-ano","status":"publish","type":"post","link":"https:\/\/umluxodeviagem.com.br\/?p=15929","title":{"rendered":"Museu do Ipiranga: as novas exposi\u00e7\u00f5es do ano"},"content":{"rendered":"\n<p class=\"has-small-font-size\">O Museu disp\u00f5e de um grande acervo de\u00a0objetos,\u00a0mobili\u00e1rio\u00a0e\u00a0obras de arte\u00a0com relev\u00e2ncia hist\u00f3rica. Foto: Divulga\u00e7\u00e3o<\/p>\n\n\n\n<p>Um dos mais lindos e importantes do mundo, o Museu Paulista da Universidade de S\u00e3o Paulo, tamb\u00e9m conhecido como\u00a0Museu do Ipiranga\u00a0ou\u00a0Museu Paulista j\u00e1 divulgou sua programa\u00e7\u00e3o para 2024. O\u00a0museu\u00a0p\u00fablico mais antigo da\u00a0cidade\u00a0de\u00a0S\u00e3o Paulo, cujo edif\u00edcio faz parte do conjunto arquitet\u00f4nico do\u00a0Parque da Independ\u00eancia, tem uma suntuosidade \u00fanica, um esplendor raro que j\u00e1 faz da visita, uma<br \/>grande experi\u00eancia. O museu foi inaugurado oficialmente em\u00a07 de setembro\u00a0de\u00a01895, com o nome\u00a0Museu de Hist\u00f3ria Natural.<\/p>\n\n\n\n<figure class=\"wp-block-image size-large\"><img decoding=\"async\" loading=\"lazy\" width=\"1024\" height=\"576\" src=\"https:\/\/umluxodeviagem.com.br\/wp-content\/uploads\/2024\/03\/image00005-1024x576.jpeg\" alt=\"\" class=\"wp-image-15932\" srcset=\"https:\/\/umluxodeviagem.com.br\/wp-content\/uploads\/2024\/03\/image00005-1024x576.jpeg 1024w, https:\/\/umluxodeviagem.com.br\/wp-content\/uploads\/2024\/03\/image00005-300x169.jpeg 300w, https:\/\/umluxodeviagem.com.br\/wp-content\/uploads\/2024\/03\/image00005-768x432.jpeg 768w, https:\/\/umluxodeviagem.com.br\/wp-content\/uploads\/2024\/03\/image00005-1536x864.jpeg 1536w, https:\/\/umluxodeviagem.com.br\/wp-content\/uploads\/2024\/03\/image00005-2048x1152.jpeg 2048w, https:\/\/umluxodeviagem.com.br\/wp-content\/uploads\/2024\/03\/image00005-1920x1080.jpeg 1920w\" sizes=\"(max-width: 1024px) 100vw, 1024px\" \/><\/figure>\n\n\n\n<p class=\"has-small-font-size\">A vista do suntuoso jardim do Museu. Foto: Divulga\u00e7\u00e3o<\/p>\n\n\n\n<p><strong>Mobili\u00e1rios e constru\u00e7\u00f5es hist\u00f3ricas<\/strong><\/p>\n\n\n\n<p>A primeira exposi\u00e7\u00e3o, prevista para o m\u00eas de maio, ser\u00e1 realizada em parceria com o Museu da Casa Brasileira, explorando pe\u00e7as de mobili\u00e1rio dos acervos das duas institui\u00e7\u00f5es. A ideia \u00e9 explorar a evolu\u00e7\u00e3o das formas de se sentar, dormir e guardar, ao longo do tempo. Para o segundo semestre, est\u00e1 rogramada uma exposi\u00e7\u00e3o que pretende demonstrar aos visitantes como a a\u00e7\u00e3o humana e a ocupa\u00e7\u00e3o do territ\u00f3rio, a partir de constru\u00e7\u00f5es hist\u00f3ricas, impactam o meio ambiente e os efeitos clim\u00e1ticos que elas causam.<\/p>\n\n\n\n<figure class=\"wp-block-image size-large\"><img decoding=\"async\" loading=\"lazy\" width=\"1024\" height=\"732\" src=\"https:\/\/umluxodeviagem.com.br\/wp-content\/uploads\/2024\/03\/image00039-1024x732.jpeg\" alt=\"\" class=\"wp-image-15933\" srcset=\"https:\/\/umluxodeviagem.com.br\/wp-content\/uploads\/2024\/03\/image00039-1024x732.jpeg 1024w, https:\/\/umluxodeviagem.com.br\/wp-content\/uploads\/2024\/03\/image00039-300x214.jpeg 300w, https:\/\/umluxodeviagem.com.br\/wp-content\/uploads\/2024\/03\/image00039-768x549.jpeg 768w, https:\/\/umluxodeviagem.com.br\/wp-content\/uploads\/2024\/03\/image00039-1536x1097.jpeg 1536w, https:\/\/umluxodeviagem.com.br\/wp-content\/uploads\/2024\/03\/image00039-2048x1463.jpeg 2048w, https:\/\/umluxodeviagem.com.br\/wp-content\/uploads\/2024\/03\/image00039-1512x1080.jpeg 1512w\" sizes=\"(max-width: 1024px) 100vw, 1024px\" \/><\/figure>\n\n\n\n<p class=\"has-small-font-size\">Quadro mais famoso do museu retrata o fato hist\u00f3rico: &#8220;Independ\u00eancia ou Morte&#8221;. Foto: Divulga\u00e7\u00e3o<\/p>\n\n\n\n<p><strong>Onze exposi\u00e7\u00f5es de longa dura\u00e7\u00e3o<\/strong><\/p>\n\n\n\n<p>Atualmente, o Museu do Ipiranga conta com 11 exposi\u00e7\u00f5es de longa dura\u00e7\u00e3o, como <strong>\u201cMem\u00f3rias da Independ\u00eancia\u201d<\/strong>, <strong>\u201cPassados Imaginados\u201d<\/strong> e <strong>\u201cMundos do Trabalho\u201d<\/strong>, tamb\u00e9m exposi\u00e7\u00f5es tempor\u00e1rias e eventos. Funciona de ter\u00e7a a domingo, das 10 \u00e0s 17 horas, e os ingressos podem ser adquiridos na bilheteria a partir das 9 horas, ou pelo site Sympla. Este importante s\u00edmbolo da\u00a0Independ\u00eancia do Brasil\u00a0est\u00e1 vinculado \u00e0\u00a0Universidade de S\u00e3o Paulo\u00a0desde 1963, como uma institui\u00e7\u00e3o cient\u00edfica, cultural e<br \/>educacional que exerce pesquisa, ensino e extens\u00e3o com atua\u00e7\u00e3o no campo da\u00a0hist\u00f3ria.<\/p>\n\n\n\n<figure class=\"is-layout-flex wp-block-gallery-1 wp-block-gallery has-nested-images columns-default is-cropped\">\n<figure class=\"wp-block-image size-large\"><img decoding=\"async\" loading=\"lazy\" width=\"1024\" height=\"576\" data-id=\"15934\"  src=\"https:\/\/umluxodeviagem.com.br\/wp-content\/uploads\/2024\/03\/image00003-1024x576.jpeg\" alt=\"\" class=\"wp-image-15934\" srcset=\"https:\/\/umluxodeviagem.com.br\/wp-content\/uploads\/2024\/03\/image00003-1024x576.jpeg 1024w, https:\/\/umluxodeviagem.com.br\/wp-content\/uploads\/2024\/03\/image00003-300x169.jpeg 300w, https:\/\/umluxodeviagem.com.br\/wp-content\/uploads\/2024\/03\/image00003-768x432.jpeg 768w, https:\/\/umluxodeviagem.com.br\/wp-content\/uploads\/2024\/03\/image00003-1536x864.jpeg 1536w, https:\/\/umluxodeviagem.com.br\/wp-content\/uploads\/2024\/03\/image00003-2048x1152.jpeg 2048w, https:\/\/umluxodeviagem.com.br\/wp-content\/uploads\/2024\/03\/image00003-1920x1080.jpeg 1920w\" sizes=\"(max-width: 1024px) 100vw, 1024px\" \/><\/figure>\n<\/figure>\n\n\n\n<p class=\"has-small-font-size\">Vista do interior do museu. Foto: Divulga\u00e7\u00e3o<\/p>\n\n\n\n<p><strong>Modernizac\u00e3o completa do Museu<\/strong><\/p>\n\n\n\n<p>Certamente voc\u00ea j\u00e1 sabe da reforma do Museu. \u201cO projeto Museu do Ipiranga 2022, teve como objetivo a restaura\u00e7\u00e3o e moderniza\u00e7\u00e3o completas do Museu do Ipiranga, visando a sua reabertura para as comemora\u00e7\u00f5es do Bicenten\u00e1rio da Independ\u00eancia do Brasil em 2022\u201d, divulga o site oficial do Museu. Para a realiza\u00e7\u00e3o do projeto v\u00e1rias etapas foram cumpridas: elabora\u00e7\u00e3o de Programa de Necessidades, Diagn\u00f3stico Estrutural e das Fachadas, Concurso P\u00fablico para Sele\u00e7\u00e3o do Projeto Arquitet\u00f4nico e de Restauro, Estudo Preliminar, Projeto B\u00e1sico, Projeto Executivo, licita\u00e7\u00e3o e execu\u00e7\u00e3o da Obra e implanta\u00e7\u00e3o das novas exposi\u00e7\u00f5es e \u00e1reas t\u00e9cnicas do Museu. O novo projeto determinou que todo o edif\u00edcio,  patrim\u00f4nio tombado nas tr\u00eas esferas do governo, fosse dedicado exclusivamente \u00e0 visita\u00e7\u00e3o p\u00fablica, com exposi\u00e7\u00f5es e espa\u00e7os de frui\u00e7\u00e3o visual de sua arquitetura monumental plenamente renovados, com acessibilidade universal e integrados ao conjunto urban\u00edstico do Parque da Independ\u00eancia. O resultado \u00e9 a valiosa preserva\u00e7\u00e3o da nossa hist\u00f3ria e da nossa cultura, ou melhor, do nosso patrim\u00f4nio tanto material quanto imaterial.<\/p>\n\n\n\n<figure class=\"is-layout-flex wp-block-gallery-3 wp-block-gallery has-nested-images columns-default is-cropped\">\n<figure class=\"wp-block-image size-large\"><img decoding=\"async\" loading=\"lazy\" width=\"1024\" height=\"576\" data-id=\"15937\"  src=\"https:\/\/umluxodeviagem.com.br\/wp-content\/uploads\/2024\/03\/image00037-1024x576.jpeg\" alt=\"\" class=\"wp-image-15937\" srcset=\"https:\/\/umluxodeviagem.com.br\/wp-content\/uploads\/2024\/03\/image00037-1024x576.jpeg 1024w, https:\/\/umluxodeviagem.com.br\/wp-content\/uploads\/2024\/03\/image00037-300x169.jpeg 300w, https:\/\/umluxodeviagem.com.br\/wp-content\/uploads\/2024\/03\/image00037-768x432.jpeg 768w, https:\/\/umluxodeviagem.com.br\/wp-content\/uploads\/2024\/03\/image00037-1536x864.jpeg 1536w, https:\/\/umluxodeviagem.com.br\/wp-content\/uploads\/2024\/03\/image00037-2048x1152.jpeg 2048w, https:\/\/umluxodeviagem.com.br\/wp-content\/uploads\/2024\/03\/image00037-1920x1080.jpeg 1920w\" sizes=\"(max-width: 1024px) 100vw, 1024px\" \/><\/figure>\n<\/figure>\n\n\n\n<p class=\"has-small-font-size\">Vista panor\u00e2mica do museu. Foto: Divulga\u00e7\u00e3o<\/p>\n\n\n\n<p><strong>A independ\u00eancia do Brasil<\/strong><\/p>\n\n\n\n<p>O Museu do Ipiranga disp\u00f5e de um grande acervo de\u00a0objetos,\u00a0mobili\u00e1rio\u00a0e\u00a0obras de arte\u00a0com relev\u00e2ncia hist\u00f3rica, especialmente aquelas que possuem alguma rela\u00e7\u00e3o \u00e0 independ\u00eancia do Brasil e ao per\u00edodo hist\u00f3rico correspondente. O an\u00fancio da programa\u00e7\u00e3o da institui\u00e7\u00e3o para 2024 aconteceu em um evento fechado na \u00faltima segunda-feira (dia 11) \u00e0 noite, com a participa\u00e7\u00e3o de empresas patrocinadoras.<\/p>\n\n\n\n<p><strong>Anote<\/strong><br \/>museudoipiranga.org.br<br \/>@museudoipiranga<\/p>\n\n\n\n<p>#museudoimpiranga #historia #exposicao #museupaulista #parquedaindependencia<\/p>\n\n\n\n<p class=\"has-background\" style=\"background-color:#dbe2e8\"><strong>Notas de reda\u00e7\u00e3o<\/strong><br \/>Edi\u00e7\u00e3o: Marcia Santos<br \/>Imagens: Divulga\u00e7\u00e3o<\/p>\n","protected":false},"excerpt":{"rendered":"<p>O Museu disp\u00f5e de um grande acervo de\u00a0objetos,\u00a0mobili\u00e1rio\u00a0e\u00a0obras de arte\u00a0com relev\u00e2ncia hist\u00f3rica. Foto: Divulga\u00e7\u00e3o Um dos mais lindos e importantes do mundo, o Museu Paulista da Universidade de S\u00e3o Paulo, tamb\u00e9m conhecido como\u00a0Museu do Ipiranga\u00a0ou\u00a0Museu Paulista j\u00e1 divulgou sua programa\u00e7\u00e3o para 2024. O\u00a0museu\u00a0p\u00fablico mais antigo da\u00a0cidade\u00a0de\u00a0S\u00e3o Paulo, cujo edif\u00edcio faz parte do conjunto arquitet\u00f4nico do\u00a0Parque&hellip; <br \/> <a class=\"read-more\" href=\"https:\/\/umluxodeviagem.com.br\/?p=15929\">Leia mais<\/a><\/p>\n","protected":false},"author":1,"featured_media":15936,"comment_status":"closed","ping_status":"closed","sticky":false,"template":"","format":"standard","meta":[],"categories":[1],"tags":[663,724,723,722,65,290],"yoast_head":"<!-- This site is optimized with the Yoast SEO plugin v19.13 - https:\/\/yoast.com\/wordpress\/plugins\/seo\/ -->\n<title>Museu do Ipiranga: as novas exposi\u00e7\u00f5es do ano - Um luxo de viagem!<\/title>\n<meta name=\"robots\" content=\"index, follow, max-snippet:-1, max-image-preview:large, max-video-preview:-1\" \/>\n<link rel=\"canonical\" href=\"https:\/\/umluxodeviagem.com.br\/?p=15929\" \/>\n<meta property=\"og:locale\" content=\"pt_BR\" \/>\n<meta property=\"og:type\" content=\"article\" \/>\n<meta property=\"og:title\" content=\"Museu do Ipiranga: as novas exposi\u00e7\u00f5es do ano - Um luxo de viagem!\" \/>\n<meta property=\"og:description\" content=\"O Museu disp\u00f5e de um grande acervo de\u00a0objetos,\u00a0mobili\u00e1rio\u00a0e\u00a0obras de arte\u00a0com relev\u00e2ncia hist\u00f3rica. Foto: Divulga\u00e7\u00e3o Um dos mais lindos e importantes do mundo, o Museu Paulista da Universidade de S\u00e3o Paulo, tamb\u00e9m conhecido como\u00a0Museu do Ipiranga\u00a0ou\u00a0Museu Paulista j\u00e1 divulgou sua programa\u00e7\u00e3o para 2024. O\u00a0museu\u00a0p\u00fablico mais antigo da\u00a0cidade\u00a0de\u00a0S\u00e3o Paulo, cujo edif\u00edcio faz parte do conjunto arquitet\u00f4nico do\u00a0Parque&hellip; Leia mais\" \/>\n<meta property=\"og:url\" content=\"https:\/\/umluxodeviagem.com.br\/?p=15929\" \/>\n<meta property=\"og:site_name\" content=\"Um luxo de viagem!\" \/>\n<meta property=\"article:publisher\" content=\"https:\/\/www.facebook.com\/Um-luxo-de-viagem-1382513402055793\/\" \/>\n<meta property=\"article:published_time\" content=\"2024-03-20T15:47:02+00:00\" \/>\n<meta property=\"article:modified_time\" content=\"2024-03-20T15:47:05+00:00\" \/>\n<meta property=\"og:image\" content=\"https:\/\/umluxodeviagem.com.br\/wp-content\/uploads\/2024\/03\/image00041-scaled.jpeg\" \/>\n\t<meta property=\"og:image:width\" content=\"2560\" \/>\n\t<meta property=\"og:image:height\" content=\"1440\" \/>\n\t<meta property=\"og:image:type\" content=\"image\/jpeg\" \/>\n<meta name=\"author\" content=\"umluxodeviagem\" \/>\n<meta name=\"twitter:label1\" content=\"Escrito por\" \/>\n\t<meta name=\"twitter:data1\" content=\"umluxodeviagem\" \/>\n\t<meta name=\"twitter:label2\" content=\"Est. tempo de leitura\" \/>\n\t<meta name=\"twitter:data2\" content=\"4 minutos\" \/>\n<script type=\"application\/ld+json\" class=\"yoast-schema-graph\">{\"@context\":\"https:\/\/schema.org\",\"@graph\":[{\"@type\":\"Article\",\"@id\":\"https:\/\/umluxodeviagem.com.br\/?p=15929#article\",\"isPartOf\":{\"@id\":\"https:\/\/umluxodeviagem.com.br\/?p=15929\"},\"author\":{\"name\":\"umluxodeviagem\",\"@id\":\"https:\/\/umluxodeviagem.com.br\/#\/schema\/person\/36339e8106e8e45c150d9bc5f2dc2e50\"},\"headline\":\"Museu do Ipiranga: as novas exposi\u00e7\u00f5es do ano\",\"datePublished\":\"2024-03-20T15:47:02+00:00\",\"dateModified\":\"2024-03-20T15:47:05+00:00\",\"mainEntityOfPage\":{\"@id\":\"https:\/\/umluxodeviagem.com.br\/?p=15929\"},\"wordCount\":665,\"publisher\":{\"@id\":\"https:\/\/umluxodeviagem.com.br\/#organization\"},\"keywords\":[\"destinos nacionais\",\"Hist\u00f3ria\",\"Museu\",\"Museu do Ipiranga\",\"um luxo de viagem\",\"viagem de luxo\"],\"inLanguage\":\"pt-BR\"},{\"@type\":\"WebPage\",\"@id\":\"https:\/\/umluxodeviagem.com.br\/?p=15929\",\"url\":\"https:\/\/umluxodeviagem.com.br\/?p=15929\",\"name\":\"Museu do Ipiranga: as novas exposi\u00e7\u00f5es do ano - Um luxo de viagem!\",\"isPartOf\":{\"@id\":\"https:\/\/umluxodeviagem.com.br\/#website\"},\"datePublished\":\"2024-03-20T15:47:02+00:00\",\"dateModified\":\"2024-03-20T15:47:05+00:00\",\"breadcrumb\":{\"@id\":\"https:\/\/umluxodeviagem.com.br\/?p=15929#breadcrumb\"},\"inLanguage\":\"pt-BR\",\"potentialAction\":[{\"@type\":\"ReadAction\",\"target\":[\"https:\/\/umluxodeviagem.com.br\/?p=15929\"]}]},{\"@type\":\"BreadcrumbList\",\"@id\":\"https:\/\/umluxodeviagem.com.br\/?p=15929#breadcrumb\",\"itemListElement\":[{\"@type\":\"ListItem\",\"position\":1,\"name\":\"In\u00edcio\",\"item\":\"https:\/\/umluxodeviagem.com.br\/\"},{\"@type\":\"ListItem\",\"position\":2,\"name\":\"Museu do Ipiranga: as novas exposi\u00e7\u00f5es do ano\"}]},{\"@type\":\"WebSite\",\"@id\":\"https:\/\/umluxodeviagem.com.br\/#website\",\"url\":\"https:\/\/umluxodeviagem.com.br\/\",\"name\":\"Um luxo de viagem\",\"description\":\"A melhor viagem \u00e9 sempre aquela que te transforma\",\"publisher\":{\"@id\":\"https:\/\/umluxodeviagem.com.br\/#organization\"},\"potentialAction\":[{\"@type\":\"SearchAction\",\"target\":{\"@type\":\"EntryPoint\",\"urlTemplate\":\"https:\/\/umluxodeviagem.com.br\/?s={search_term_string}\"},\"query-input\":\"required name=search_term_string\"}],\"inLanguage\":\"pt-BR\"},{\"@type\":\"Organization\",\"@id\":\"https:\/\/umluxodeviagem.com.br\/#organization\",\"name\":\"Um Luxo de Viagem\",\"url\":\"https:\/\/umluxodeviagem.com.br\/\",\"logo\":{\"@type\":\"ImageObject\",\"inLanguage\":\"pt-BR\",\"@id\":\"https:\/\/umluxodeviagem.com.br\/#\/schema\/logo\/image\/\",\"url\":\"\",\"contentUrl\":\"\",\"caption\":\"Um Luxo de Viagem\"},\"image\":{\"@id\":\"https:\/\/umluxodeviagem.com.br\/#\/schema\/logo\/image\/\"},\"sameAs\":[\"http:\/\/instagram.com\/umluxodeviagemsempre\",\"https:\/\/www.facebook.com\/Um-luxo-de-viagem-1382513402055793\/\"]},{\"@type\":\"Person\",\"@id\":\"https:\/\/umluxodeviagem.com.br\/#\/schema\/person\/36339e8106e8e45c150d9bc5f2dc2e50\",\"name\":\"umluxodeviagem\",\"description\":\"M\u00e1rcia Santos, paulistana, jornalista \u00e9 a respons\u00e1vel pelo site Um Luxo de Viagem.\\\"Viajar \u00e9 uma experi\u00eancia que proporciona conhecimento e auto-conhecimento. A parte mais bela de todo destino\\\", diz a jornalista.\",\"sameAs\":[\"http:\/\/umluxodeviagem.com.br\"]}]}<\/script>\n<!-- \/ Yoast SEO plugin. -->","yoast_head_json":{"title":"Museu do Ipiranga: as novas exposi\u00e7\u00f5es do ano - Um luxo de viagem!","robots":{"index":"index","follow":"follow","max-snippet":"max-snippet:-1","max-image-preview":"max-image-preview:large","max-video-preview":"max-video-preview:-1"},"canonical":"https:\/\/umluxodeviagem.com.br\/?p=15929","og_locale":"pt_BR","og_type":"article","og_title":"Museu do Ipiranga: as novas exposi\u00e7\u00f5es do ano - Um luxo de viagem!","og_description":"O Museu disp\u00f5e de um grande acervo de\u00a0objetos,\u00a0mobili\u00e1rio\u00a0e\u00a0obras de arte\u00a0com relev\u00e2ncia hist\u00f3rica. Foto: Divulga\u00e7\u00e3o Um dos mais lindos e importantes do mundo, o Museu Paulista da Universidade de S\u00e3o Paulo, tamb\u00e9m conhecido como\u00a0Museu do Ipiranga\u00a0ou\u00a0Museu Paulista j\u00e1 divulgou sua programa\u00e7\u00e3o para 2024. O\u00a0museu\u00a0p\u00fablico mais antigo da\u00a0cidade\u00a0de\u00a0S\u00e3o Paulo, cujo edif\u00edcio faz parte do conjunto arquitet\u00f4nico do\u00a0Parque&hellip; Leia mais","og_url":"https:\/\/umluxodeviagem.com.br\/?p=15929","og_site_name":"Um luxo de viagem!","article_publisher":"https:\/\/www.facebook.com\/Um-luxo-de-viagem-1382513402055793\/","article_published_time":"2024-03-20T15:47:02+00:00","article_modified_time":"2024-03-20T15:47:05+00:00","og_image":[{"width":2560,"height":1440,"url":"https:\/\/umluxodeviagem.com.br\/wp-content\/uploads\/2024\/03\/image00041-scaled.jpeg","type":"image\/jpeg"}],"author":"umluxodeviagem","twitter_misc":{"Escrito por":"umluxodeviagem","Est. tempo de leitura":"4 minutos"},"schema":{"@context":"https:\/\/schema.org","@graph":[{"@type":"Article","@id":"https:\/\/umluxodeviagem.com.br\/?p=15929#article","isPartOf":{"@id":"https:\/\/umluxodeviagem.com.br\/?p=15929"},"author":{"name":"umluxodeviagem","@id":"https:\/\/umluxodeviagem.com.br\/#\/schema\/person\/36339e8106e8e45c150d9bc5f2dc2e50"},"headline":"Museu do Ipiranga: as novas exposi\u00e7\u00f5es do ano","datePublished":"2024-03-20T15:47:02+00:00","dateModified":"2024-03-20T15:47:05+00:00","mainEntityOfPage":{"@id":"https:\/\/umluxodeviagem.com.br\/?p=15929"},"wordCount":665,"publisher":{"@id":"https:\/\/umluxodeviagem.com.br\/#organization"},"keywords":["destinos nacionais","Hist\u00f3ria","Museu","Museu do Ipiranga","um luxo de viagem","viagem de luxo"],"inLanguage":"pt-BR"},{"@type":"WebPage","@id":"https:\/\/umluxodeviagem.com.br\/?p=15929","url":"https:\/\/umluxodeviagem.com.br\/?p=15929","name":"Museu do Ipiranga: as novas exposi\u00e7\u00f5es do ano - Um luxo de viagem!","isPartOf":{"@id":"https:\/\/umluxodeviagem.com.br\/#website"},"datePublished":"2024-03-20T15:47:02+00:00","dateModified":"2024-03-20T15:47:05+00:00","breadcrumb":{"@id":"https:\/\/umluxodeviagem.com.br\/?p=15929#breadcrumb"},"inLanguage":"pt-BR","potentialAction":[{"@type":"ReadAction","target":["https:\/\/umluxodeviagem.com.br\/?p=15929"]}]},{"@type":"BreadcrumbList","@id":"https:\/\/umluxodeviagem.com.br\/?p=15929#breadcrumb","itemListElement":[{"@type":"ListItem","position":1,"name":"In\u00edcio","item":"https:\/\/umluxodeviagem.com.br\/"},{"@type":"ListItem","position":2,"name":"Museu do Ipiranga: as novas exposi\u00e7\u00f5es do ano"}]},{"@type":"WebSite","@id":"https:\/\/umluxodeviagem.com.br\/#website","url":"https:\/\/umluxodeviagem.com.br\/","name":"Um luxo de viagem","description":"A melhor viagem \u00e9 sempre aquela que te transforma","publisher":{"@id":"https:\/\/umluxodeviagem.com.br\/#organization"},"potentialAction":[{"@type":"SearchAction","target":{"@type":"EntryPoint","urlTemplate":"https:\/\/umluxodeviagem.com.br\/?s={search_term_string}"},"query-input":"required name=search_term_string"}],"inLanguage":"pt-BR"},{"@type":"Organization","@id":"https:\/\/umluxodeviagem.com.br\/#organization","name":"Um Luxo de Viagem","url":"https:\/\/umluxodeviagem.com.br\/","logo":{"@type":"ImageObject","inLanguage":"pt-BR","@id":"https:\/\/umluxodeviagem.com.br\/#\/schema\/logo\/image\/","url":"","contentUrl":"","caption":"Um Luxo de Viagem"},"image":{"@id":"https:\/\/umluxodeviagem.com.br\/#\/schema\/logo\/image\/"},"sameAs":["http:\/\/instagram.com\/umluxodeviagemsempre","https:\/\/www.facebook.com\/Um-luxo-de-viagem-1382513402055793\/"]},{"@type":"Person","@id":"https:\/\/umluxodeviagem.com.br\/#\/schema\/person\/36339e8106e8e45c150d9bc5f2dc2e50","name":"umluxodeviagem","description":"M\u00e1rcia Santos, paulistana, jornalista \u00e9 a respons\u00e1vel pelo site Um Luxo de Viagem.\"Viajar \u00e9 uma experi\u00eancia que proporciona conhecimento e auto-conhecimento. A parte mais bela de todo destino\", diz a jornalista.","sameAs":["http:\/\/umluxodeviagem.com.br"]}]}},"_links":{"self":[{"href":"https:\/\/umluxodeviagem.com.br\/index.php?rest_route=\/wp\/v2\/posts\/15929"}],"collection":[{"href":"https:\/\/umluxodeviagem.com.br\/index.php?rest_route=\/wp\/v2\/posts"}],"about":[{"href":"https:\/\/umluxodeviagem.com.br\/index.php?rest_route=\/wp\/v2\/types\/post"}],"author":[{"embeddable":true,"href":"https:\/\/umluxodeviagem.com.br\/index.php?rest_route=\/wp\/v2\/users\/1"}],"replies":[{"embeddable":true,"href":"https:\/\/umluxodeviagem.com.br\/index.php?rest_route=%2Fwp%2Fv2%2Fcomments&post=15929"}],"version-history":[{"count":3,"href":"https:\/\/umluxodeviagem.com.br\/index.php?rest_route=\/wp\/v2\/posts\/15929\/revisions"}],"predecessor-version":[{"id":15938,"href":"https:\/\/umluxodeviagem.com.br\/index.php?rest_route=\/wp\/v2\/posts\/15929\/revisions\/15938"}],"wp:featuredmedia":[{"embeddable":true,"href":"https:\/\/umluxodeviagem.com.br\/index.php?rest_route=\/wp\/v2\/media\/15936"}],"wp:attachment":[{"href":"https:\/\/umluxodeviagem.com.br\/index.php?rest_route=%2Fwp%2Fv2%2Fmedia&parent=15929"}],"wp:term":[{"taxonomy":"category","embeddable":true,"href":"https:\/\/umluxodeviagem.com.br\/index.php?rest_route=%2Fwp%2Fv2%2Fcategories&post=15929"},{"taxonomy":"post_tag","embeddable":true,"href":"https:\/\/umluxodeviagem.com.br\/index.php?rest_route=%2Fwp%2Fv2%2Ftags&post=15929"}],"curies":[{"name":"wp","href":"https:\/\/api.w.org\/{rel}","templated":true}]}}