{"id":18785,"date":"2025-07-21T12:49:39","date_gmt":"2025-07-21T15:49:39","guid":{"rendered":"https:\/\/umluxodeviagem.com.br\/?p=18785"},"modified":"2025-07-22T12:31:08","modified_gmt":"2025-07-22T15:31:08","slug":"fazenda-da-mata-a-sua-casa-de-luxo-no-coracao-do-cerrado","status":"publish","type":"post","link":"https:\/\/umluxodeviagem.com.br\/?p=18785","title":{"rendered":"Fazenda da Matta: A sua casa de luxo no cora\u00e7\u00e3o do Cerrado"},"content":{"rendered":"\n<p>Residencial de luxo em Piren\u00f3polis, Goi\u00e1s, prop\u00f5e um novo conceito de moradia, onde o sil\u00eancio e a for\u00e7a da natureza ditam as regras do viver bem. Em um momento onde a discuss\u00e3o sobre o luxo tem outra abordagem, como aquilo que \u00e9 duradouro e silenciosamente belo, o Fazenda da Matta surge como um manifesto de pertencimento \u00e0 terra e ao tempo. Localizado em Piren\u00f3polis (GO), a apenas seis minutos do centro hist\u00f3rico, o novo empreendimento da Omnium Incorporadora transcende o conceito de condom\u00ednio para oferecer uma experi\u00eancia curatorial de moradia no bioma \u00e1rido e incompar\u00e1vel do Cerrado.<\/p>\n\n\n\n<figure class=\"wp-block-video\"><video controls src=\"https:\/\/umluxodeviagem.com.br\/wp-content\/uploads\/2025\/07\/Fazenda-da-Matta-Lancamento.mp4\"><\/video><figcaption class=\"wp-element-caption\">Fazenda da Matta | Onde a vida encontra inspira\u00e7\u00e3o. A apenas 10 minutos do centro de Piren\u00f3polis, nasce um empreendimento que une sofistica\u00e7\u00e3o, natureza e prop\u00f3sito. Com mais de 160 mil m\u00b2 de \u00e1reas preservadas, o Fazenda da Matta \u00e9 um convite para viver cercado pelo Cerrado \u2014 suas trilhas, sons, sabores e sil\u00eancios. (V\u00eddeo Youtube: Fazenda da Matta)<\/figcaption><\/figure>\n\n\n\n<h2>Haras e cria\u00e7\u00e3o de uma vin\u00edcola pr\u00f3pria<\/h2>\n\n\n\n<p>Assinado pela arquiteta Denise Zuba, com paisagismo de Cleber Depieri; e haras concebido por Doda Miranda, o Fazenda da Matta prop\u00f5e um lugar de reencontro \u00e0 natureza para a vida do cotidiano. A cria\u00e7\u00e3o da vin\u00edcola pr\u00f3pria \u2014 em parceria \u00e0 Vin\u00edcola Assun\u00e7\u00e3o \u2014 e a integra\u00e7\u00e3o total com a paisagem nativa reafirmam o desejo de harmonia, onde o valor est\u00e1 no gesto atemporal e na contempla\u00e7\u00e3o como arte. \u201cA inten\u00e7\u00e3o n\u00e3o \u00e9 apenas construir casas, mas oferecer uma travessia entre a sofistica\u00e7\u00e3o e o essencial\u201d, define Felipe Maldonado, s\u00f3cio da Omnium e idealizador do projeto. Segundo ele, cada tra\u00e7o do masterplan foi desenhado para favorecer uma vida tranquila, enraizada em prop\u00f3sito, com \u00e1reas de cultivo org\u00e2nico, trilhas que conectam nascentes e red\u00e1rios que convidam \u00e0 paz&#8221;. Inspirado pelas tradi\u00e7\u00f5es rurais brasileiras e pelos novos desejos de ref\u00fagio da contemporaneidade, o projeto traz 360 lotes dispostos em m\u00f3dulos paisag\u00edsticos com vistas livres para o lago central, mantendo corredores ecol\u00f3gicos e \u00e1reas de mata intactas. O haras com escolinha de hipismo para crian\u00e7as, o clube, os espa\u00e7os de bem-estar e as rotas para caminhadas, cavalgadas e ciclismo completam a atmosfera sensorial do residencial.<\/p>\n\n\n\n<figure class=\"wp-block-image size-large\"><img decoding=\"async\" loading=\"lazy\" width=\"1024\" height=\"576\" src=\"https:\/\/umluxodeviagem.com.br\/wp-content\/uploads\/2025\/07\/WhatsApp-Image-2025-07-21-at-09.40.09-3-1024x576.jpeg\" alt=\"\" class=\"wp-image-18793\" srcset=\"https:\/\/umluxodeviagem.com.br\/wp-content\/uploads\/2025\/07\/WhatsApp-Image-2025-07-21-at-09.40.09-3-1024x576.jpeg 1024w, https:\/\/umluxodeviagem.com.br\/wp-content\/uploads\/2025\/07\/WhatsApp-Image-2025-07-21-at-09.40.09-3-300x169.jpeg 300w, https:\/\/umluxodeviagem.com.br\/wp-content\/uploads\/2025\/07\/WhatsApp-Image-2025-07-21-at-09.40.09-3-768x432.jpeg 768w, https:\/\/umluxodeviagem.com.br\/wp-content\/uploads\/2025\/07\/WhatsApp-Image-2025-07-21-at-09.40.09-3-1536x864.jpeg 1536w, https:\/\/umluxodeviagem.com.br\/wp-content\/uploads\/2025\/07\/WhatsApp-Image-2025-07-21-at-09.40.09-3.jpeg 1600w\" sizes=\"(max-width: 1024px) 100vw, 1024px\" \/><figcaption class=\"wp-element-caption\">Imagem ilustrativa. No Club House ter\u00e1 Academia, Restaurante, SPA e Kids Club.  (Foto: Divulga\u00e7\u00e3o)<\/figcaption><\/figure>\n\n\n\n<figure class=\"wp-block-image size-large\"><img decoding=\"async\" loading=\"lazy\" width=\"1024\" height=\"576\" src=\"https:\/\/umluxodeviagem.com.br\/wp-content\/uploads\/2025\/07\/WhatsApp-Image-2025-07-21-at-09.40.10-2-1024x576.jpeg\" alt=\"\" class=\"wp-image-18787\" srcset=\"https:\/\/umluxodeviagem.com.br\/wp-content\/uploads\/2025\/07\/WhatsApp-Image-2025-07-21-at-09.40.10-2-1024x576.jpeg 1024w, https:\/\/umluxodeviagem.com.br\/wp-content\/uploads\/2025\/07\/WhatsApp-Image-2025-07-21-at-09.40.10-2-300x169.jpeg 300w, https:\/\/umluxodeviagem.com.br\/wp-content\/uploads\/2025\/07\/WhatsApp-Image-2025-07-21-at-09.40.10-2-768x432.jpeg 768w, https:\/\/umluxodeviagem.com.br\/wp-content\/uploads\/2025\/07\/WhatsApp-Image-2025-07-21-at-09.40.10-2-1536x864.jpeg 1536w, https:\/\/umluxodeviagem.com.br\/wp-content\/uploads\/2025\/07\/WhatsApp-Image-2025-07-21-at-09.40.10-2.jpeg 1600w\" sizes=\"(max-width: 1024px) 100vw, 1024px\" \/><figcaption class=\"wp-element-caption\">\u00c1rea de lazer do Fazenda da Matta re\u00fane clube com piscinas, restaurante, trilhas e estrutura para toda a fam\u00edlia. Imagem ilustrativa. (Foto: Divulga\u00e7\u00e3o)<\/figcaption><\/figure>\n\n\n\n<h2>Contato e cuidados com a terra<\/h2>\n\n\n\n<p>Mais do que um ativo imobili\u00e1rio, o Fazenda da Matta se posiciona como um gesto de perman\u00eancia em um tempo acelerado. Um lugar onde o luxo n\u00e3o se revela no excesso, mas na delicadeza do cuidado com a terra, na preserva\u00e7\u00e3o de suas \u00e1guas e na arquitetura que conversa com a luz e a vegeta\u00e7\u00e3o. Com f\u00e1cil acesso \u00e0 Bras\u00edlia e Goi\u00e2nia e inserido na regi\u00e3o do Caminho de Cora Coralina \u2014 uma das rotas ecoliter\u00e1rias mais significativas do pa\u00eds \u2014 o empreendimento prop\u00f5e qualidade de vida no sentido exato da express\u00e3o, onde morar seja um prazer e uma nova consci\u00eancia sobre habitar com excel\u00eancia.<\/p>\n\n\n\n<figure class=\"wp-block-image size-large\"><img decoding=\"async\" loading=\"lazy\" width=\"1024\" height=\"576\" src=\"https:\/\/umluxodeviagem.com.br\/wp-content\/uploads\/2025\/07\/WhatsApp-Image-2025-07-21-at-09.40.09-1024x576.jpeg\" alt=\"\" class=\"wp-image-18788\" srcset=\"https:\/\/umluxodeviagem.com.br\/wp-content\/uploads\/2025\/07\/WhatsApp-Image-2025-07-21-at-09.40.09-1024x576.jpeg 1024w, https:\/\/umluxodeviagem.com.br\/wp-content\/uploads\/2025\/07\/WhatsApp-Image-2025-07-21-at-09.40.09-300x169.jpeg 300w, https:\/\/umluxodeviagem.com.br\/wp-content\/uploads\/2025\/07\/WhatsApp-Image-2025-07-21-at-09.40.09-768x432.jpeg 768w, https:\/\/umluxodeviagem.com.br\/wp-content\/uploads\/2025\/07\/WhatsApp-Image-2025-07-21-at-09.40.09-1536x864.jpeg 1536w, https:\/\/umluxodeviagem.com.br\/wp-content\/uploads\/2025\/07\/WhatsApp-Image-2025-07-21-at-09.40.09.jpeg 1600w\" sizes=\"(max-width: 1024px) 100vw, 1024px\" \/><figcaption class=\"wp-element-caption\">A planta do Fazenda da Matta revela um projeto que integra arquitetura moderna e urbanismo sustent\u00e1vel, com a distribui\u00e7\u00e3o dos lotes pensada para oferecer bem-estar, contato com a natureza e qualidade de vida. (Foto: Divulga\u00e7\u00e3o)<\/figcaption><\/figure>\n\n\n\n<figure class=\"wp-block-image size-large\"><img decoding=\"async\" loading=\"lazy\" width=\"1024\" height=\"576\" src=\"https:\/\/umluxodeviagem.com.br\/wp-content\/uploads\/2025\/07\/WhatsApp-Image-2025-07-21-at-09.40.09-1-1024x576.jpeg\" alt=\"\" class=\"wp-image-18789\" srcset=\"https:\/\/umluxodeviagem.com.br\/wp-content\/uploads\/2025\/07\/WhatsApp-Image-2025-07-21-at-09.40.09-1-1024x576.jpeg 1024w, https:\/\/umluxodeviagem.com.br\/wp-content\/uploads\/2025\/07\/WhatsApp-Image-2025-07-21-at-09.40.09-1-300x169.jpeg 300w, https:\/\/umluxodeviagem.com.br\/wp-content\/uploads\/2025\/07\/WhatsApp-Image-2025-07-21-at-09.40.09-1-768x432.jpeg 768w, https:\/\/umluxodeviagem.com.br\/wp-content\/uploads\/2025\/07\/WhatsApp-Image-2025-07-21-at-09.40.09-1-1536x864.jpeg 1536w, https:\/\/umluxodeviagem.com.br\/wp-content\/uploads\/2025\/07\/WhatsApp-Image-2025-07-21-at-09.40.09-1.jpeg 1600w\" sizes=\"(max-width: 1024px) 100vw, 1024px\" \/><figcaption class=\"wp-element-caption\">O Fazenda da Matta preserva a vegeta\u00e7\u00e3o nativa e conta com um lago natural, proporcionando um ambiente que valoriza o equil\u00edbrio ecol\u00f3gico e a conex\u00e3o com a natureza. (Foto: Divulga\u00e7\u00e3o)<\/figcaption><\/figure>\n\n\n\n<h2>Sobre o Fazenda da Matta<\/h2>\n\n\n\n<p>O Fazenda da Matta \u00e9 um condom\u00ednio de alto padr\u00e3o localizado a 10 minutos do centro de Piren\u00f3polis (GO), com projeto que valoriza o contato \u00e0 natureza, \u00e0 sofistica\u00e7\u00e3o est\u00e9tica e conviv\u00eancia entre vizinhos. O empreendimento conta com haras assinado por Doda Miranda, arquitetura de Denise Zuba, paisagismo do escrit\u00f3rio Depieri e uma parceria com a Vin\u00edcola Assun\u00e7\u00e3o para a produ\u00e7\u00e3o de vinho com r\u00f3tulo pr\u00f3prio. O projeto ainda inclui a presen\u00e7a do Bistr\u00f4 de Fogo e a\u00e7\u00f5es sociais com parceiros locais.<\/p>\n\n\n\n<figure class=\"wp-block-image size-large is-resized\"><img decoding=\"async\" loading=\"lazy\" src=\"https:\/\/umluxodeviagem.com.br\/wp-content\/uploads\/2025\/07\/WhatsApp-Image-2025-07-21-at-09.40.10-1024x576.jpeg\" alt=\"\" class=\"wp-image-18790\" width=\"840\" height=\"472\" srcset=\"https:\/\/umluxodeviagem.com.br\/wp-content\/uploads\/2025\/07\/WhatsApp-Image-2025-07-21-at-09.40.10-1024x576.jpeg 1024w, https:\/\/umluxodeviagem.com.br\/wp-content\/uploads\/2025\/07\/WhatsApp-Image-2025-07-21-at-09.40.10-300x169.jpeg 300w, https:\/\/umluxodeviagem.com.br\/wp-content\/uploads\/2025\/07\/WhatsApp-Image-2025-07-21-at-09.40.10-768x432.jpeg 768w, https:\/\/umluxodeviagem.com.br\/wp-content\/uploads\/2025\/07\/WhatsApp-Image-2025-07-21-at-09.40.10-1536x864.jpeg 1536w, https:\/\/umluxodeviagem.com.br\/wp-content\/uploads\/2025\/07\/WhatsApp-Image-2025-07-21-at-09.40.10.jpeg 1600w\" sizes=\"(max-width: 840px) 100vw, 840px\" \/><figcaption class=\"wp-element-caption\">Port\u00e3o de entrada da Fazenda da Matta, onde a arquitetura contempor\u00e2nea se integra com a exuber\u00e2ncia do paisagismo nativo. Um ref\u00fagio exclusivo que abriga experi\u00eancias \u00fanicas como o haras de padr\u00e3o internacional e uma vin\u00edcola boutique cercada por natureza e sofistica\u00e7\u00e3o. (Foto: Divulga\u00e7\u00e3o)<\/figcaption><\/figure>\n\n\n\n<figure class=\"wp-block-image size-large\"><img decoding=\"async\" loading=\"lazy\" width=\"1024\" height=\"576\" src=\"https:\/\/umluxodeviagem.com.br\/wp-content\/uploads\/2025\/07\/WhatsApp-Image-2025-07-21-at-12.32.19-1024x576.jpeg\" alt=\"\" class=\"wp-image-18792\" srcset=\"https:\/\/umluxodeviagem.com.br\/wp-content\/uploads\/2025\/07\/WhatsApp-Image-2025-07-21-at-12.32.19-1024x576.jpeg 1024w, https:\/\/umluxodeviagem.com.br\/wp-content\/uploads\/2025\/07\/WhatsApp-Image-2025-07-21-at-12.32.19-300x169.jpeg 300w, https:\/\/umluxodeviagem.com.br\/wp-content\/uploads\/2025\/07\/WhatsApp-Image-2025-07-21-at-12.32.19-768x432.jpeg 768w, https:\/\/umluxodeviagem.com.br\/wp-content\/uploads\/2025\/07\/WhatsApp-Image-2025-07-21-at-12.32.19-1536x864.jpeg 1536w, https:\/\/umluxodeviagem.com.br\/wp-content\/uploads\/2025\/07\/WhatsApp-Image-2025-07-21-at-12.32.19.jpeg 1600w\" sizes=\"(max-width: 1024px) 100vw, 1024px\" \/><figcaption class=\"wp-element-caption\">Imagem ilustrativa. O empreendimento destaca espa\u00e7os para a pr\u00e1tica de esportes e conviv\u00eancia ao ar livre, valorizando o equil\u00edbrio entre conforto e preserva\u00e7\u00e3o ambiental. (Foto: Divulga\u00e7\u00e3o)<\/figcaption><\/figure>\n\n\n\n<h2>Confira mais fotos em nossa galeria abaixo:<\/h2>\n\n\n\n<div class=\"wp-block-algori-image-video-slider-block-algori-image-video-slider dots-style-1-off-slide arrows-style-1-off-slide\" data-slick=\"{&quot;dots&quot;:true,&quot;arrows&quot;:true,&quot;autoplay&quot;:false,&quot;pauseOnFocus&quot;:false,&quot;rtl&quot;:false,&quot;vertical&quot;:false,&quot;fade&quot;:false,&quot;lazyLoad&quot;:false,&quot;centerMode&quot;:false,&quot;infinite&quot;:true,&quot;adaptiveHeight&quot;:true,&quot;speed&quot;:500,&quot;autoplaySpeed&quot;:3000,&quot;slidesToShow&quot;:1,&quot;slidesToScroll&quot;:1,&quot;rows&quot;:1,&quot;slidesPerRow&quot;:1}\"><div><figure class=\"algori-image-video-slider-slide-container\"><img decoding=\"async\" src=\"https:\/\/umluxodeviagem.com.br\/wp-content\/uploads\/2025\/07\/WhatsApp-Image-2025-07-21-at-09.40.09-2-1.jpeg\" alt=\"\"\/><\/figure><\/div><div><figure class=\"algori-image-video-slider-slide-container\"><img decoding=\"async\" src=\"https:\/\/umluxodeviagem.com.br\/wp-content\/uploads\/2025\/07\/WhatsApp-Image-2025-07-21-at-09.40.11-1.jpeg\" alt=\"\"\/><\/figure><\/div><div><figure class=\"algori-image-video-slider-slide-container\"><img decoding=\"async\" src=\"https:\/\/umluxodeviagem.com.br\/wp-content\/uploads\/2025\/07\/WhatsApp-Image-2025-07-21-at-09.40.10-3.jpeg\" alt=\"\"\/><\/figure><\/div><div><figure class=\"algori-image-video-slider-slide-container\"><img decoding=\"async\" src=\"https:\/\/umluxodeviagem.com.br\/wp-content\/uploads\/2025\/07\/WhatsApp-Image-2025-07-21-at-09.40.10-1.jpeg\" alt=\"\"\/><\/figure><\/div><\/div>\n\n\n\n<p class=\"has-small-font-size\"><em>Foto1: Profissionais do escrit\u00f3rio de arquitetura Denise Zuba e do escrit\u00f3rio de paisagismo Depieri; Foto 2: Os irm\u00e3os Felipe e Marcelo Maldonado, ao lado da arquiteta Ana Cristina Aversa, receberam um grupo de convidados para a primeira visita ao Fazenda da Matta, novo empreendimento da Omnium em Corumb\u00e1 de Goi\u00e1s; Foto3: O cavaleiro ol\u00edmpico Doda Miranda que assinou o haras do empreendimento, que contar\u00e1 ainda com escolinha de equita\u00e7\u00e3o exclusiva para os moradores e Foto 4: Detalhes que traduzem o estilo de vida Fazenda da Matta: vinho autoral, presentes personalizados e curadoria pensada para encantar.<\/em><\/p>\n\n\n\n<h2>Anote<\/h2>\n\n\n\n<p>Fazenda da Matta<br \/>Salto Corumb\u00e1 (GO)<br \/>Mais informa\u00e7\u00f5es: <a href=\"https:\/\/fazendadamatta.com.br\/ \">https:\/\/fazendadamatta.com.br\/ <\/a>| @fazendadamatta_<\/p>\n\n\n\n<p class=\"has-white-color has-cyan-bluish-gray-background-color has-text-color has-background\">Nota da reda\u00e7\u00e3o<br \/>Edi\u00e7\u00e3o M\u00e1rcia Santos<br \/>Imagens: Divulga\u00e7\u00e3o\/Fazenda da Matta<\/p>\n","protected":false},"excerpt":{"rendered":"<p>Fazenda da Mata: A sua casa de luxo no cora\u00e7\u00e3o do Cerrado<\/p>\n","protected":false},"author":1,"featured_media":18786,"comment_status":"closed","ping_status":"closed","sticky":false,"template":"","format":"standard","meta":[],"categories":[363,380,367,377,826],"tags":[419,663,384,836,108],"yoast_head":"<!-- This site is optimized with the Yoast SEO plugin v19.13 - https:\/\/yoast.com\/wordpress\/plugins\/seo\/ -->\n<title>Fazenda da Matta: A sua casa de luxo no cora\u00e7\u00e3o do Cerrado - Um luxo de viagem!<\/title>\n<meta name=\"robots\" content=\"index, follow, max-snippet:-1, max-image-preview:large, max-video-preview:-1\" \/>\n<link rel=\"canonical\" href=\"https:\/\/umluxodeviagem.com.br\/?p=18785\" \/>\n<meta property=\"og:locale\" content=\"pt_BR\" \/>\n<meta property=\"og:type\" content=\"article\" \/>\n<meta property=\"og:title\" content=\"Fazenda da Matta: A sua casa de luxo no cora\u00e7\u00e3o do Cerrado - Um luxo de viagem!\" \/>\n<meta property=\"og:description\" content=\"Fazenda da Mata: A sua casa de luxo no cora\u00e7\u00e3o do Cerrado\" \/>\n<meta property=\"og:url\" content=\"https:\/\/umluxodeviagem.com.br\/?p=18785\" \/>\n<meta property=\"og:site_name\" content=\"Um luxo de viagem!\" \/>\n<meta property=\"article:publisher\" content=\"https:\/\/www.facebook.com\/Um-luxo-de-viagem-1382513402055793\/\" \/>\n<meta property=\"article:published_time\" content=\"2025-07-21T15:49:39+00:00\" \/>\n<meta property=\"article:modified_time\" content=\"2025-07-22T15:31:08+00:00\" \/>\n<meta property=\"og:image\" content=\"https:\/\/umluxodeviagem.com.br\/wp-content\/uploads\/2025\/07\/WhatsApp-Image-2025-07-21-at-09.40.11.jpeg\" \/>\n\t<meta property=\"og:image:width\" content=\"1600\" \/>\n\t<meta property=\"og:image:height\" content=\"1066\" \/>\n\t<meta property=\"og:image:type\" content=\"image\/jpeg\" \/>\n<meta name=\"author\" content=\"umluxodeviagem\" \/>\n<meta name=\"twitter:label1\" content=\"Escrito por\" \/>\n\t<meta name=\"twitter:data1\" content=\"umluxodeviagem\" \/>\n\t<meta name=\"twitter:label2\" content=\"Est. tempo de leitura\" \/>\n\t<meta name=\"twitter:data2\" content=\"7 minutos\" \/>\n<script type=\"application\/ld+json\" class=\"yoast-schema-graph\">{\"@context\":\"https:\/\/schema.org\",\"@graph\":[{\"@type\":\"Article\",\"@id\":\"https:\/\/umluxodeviagem.com.br\/?p=18785#article\",\"isPartOf\":{\"@id\":\"https:\/\/umluxodeviagem.com.br\/?p=18785\"},\"author\":{\"name\":\"umluxodeviagem\",\"@id\":\"https:\/\/umluxodeviagem.com.br\/#\/schema\/person\/36339e8106e8e45c150d9bc5f2dc2e50\"},\"headline\":\"Fazenda da Matta: A sua casa de luxo no cora\u00e7\u00e3o do Cerrado\",\"datePublished\":\"2025-07-21T15:49:39+00:00\",\"dateModified\":\"2025-07-22T15:31:08+00:00\",\"mainEntityOfPage\":{\"@id\":\"https:\/\/umluxodeviagem.com.br\/?p=18785\"},\"wordCount\":948,\"publisher\":{\"@id\":\"https:\/\/umluxodeviagem.com.br\/#organization\"},\"keywords\":[\"brasil\",\"destinos nacionais\",\"Hot\u00e9is de luxo\",\"natureza\",\"umluxodeviagem\"],\"articleSection\":[\"Destinos nacionais\",\"Dicas\",\"Hot\u00e9is de luxo\",\"Sa\u00fade &amp; Bem estar\",\"Vinhos\"],\"inLanguage\":\"pt-BR\"},{\"@type\":\"WebPage\",\"@id\":\"https:\/\/umluxodeviagem.com.br\/?p=18785\",\"url\":\"https:\/\/umluxodeviagem.com.br\/?p=18785\",\"name\":\"Fazenda da Matta: A sua casa de luxo no cora\u00e7\u00e3o do Cerrado - Um luxo de viagem!\",\"isPartOf\":{\"@id\":\"https:\/\/umluxodeviagem.com.br\/#website\"},\"datePublished\":\"2025-07-21T15:49:39+00:00\",\"dateModified\":\"2025-07-22T15:31:08+00:00\",\"breadcrumb\":{\"@id\":\"https:\/\/umluxodeviagem.com.br\/?p=18785#breadcrumb\"},\"inLanguage\":\"pt-BR\",\"potentialAction\":[{\"@type\":\"ReadAction\",\"target\":[\"https:\/\/umluxodeviagem.com.br\/?p=18785\"]}]},{\"@type\":\"BreadcrumbList\",\"@id\":\"https:\/\/umluxodeviagem.com.br\/?p=18785#breadcrumb\",\"itemListElement\":[{\"@type\":\"ListItem\",\"position\":1,\"name\":\"In\u00edcio\",\"item\":\"https:\/\/umluxodeviagem.com.br\/\"},{\"@type\":\"ListItem\",\"position\":2,\"name\":\"Fazenda da Matta: A sua casa de luxo no cora\u00e7\u00e3o do Cerrado\"}]},{\"@type\":\"WebSite\",\"@id\":\"https:\/\/umluxodeviagem.com.br\/#website\",\"url\":\"https:\/\/umluxodeviagem.com.br\/\",\"name\":\"Um luxo de viagem\",\"description\":\"A melhor viagem \u00e9 sempre aquela que te transforma\",\"publisher\":{\"@id\":\"https:\/\/umluxodeviagem.com.br\/#organization\"},\"potentialAction\":[{\"@type\":\"SearchAction\",\"target\":{\"@type\":\"EntryPoint\",\"urlTemplate\":\"https:\/\/umluxodeviagem.com.br\/?s={search_term_string}\"},\"query-input\":\"required name=search_term_string\"}],\"inLanguage\":\"pt-BR\"},{\"@type\":\"Organization\",\"@id\":\"https:\/\/umluxodeviagem.com.br\/#organization\",\"name\":\"Um Luxo de Viagem\",\"url\":\"https:\/\/umluxodeviagem.com.br\/\",\"logo\":{\"@type\":\"ImageObject\",\"inLanguage\":\"pt-BR\",\"@id\":\"https:\/\/umluxodeviagem.com.br\/#\/schema\/logo\/image\/\",\"url\":\"\",\"contentUrl\":\"\",\"caption\":\"Um Luxo de Viagem\"},\"image\":{\"@id\":\"https:\/\/umluxodeviagem.com.br\/#\/schema\/logo\/image\/\"},\"sameAs\":[\"http:\/\/instagram.com\/umluxodeviagemsempre\",\"https:\/\/www.facebook.com\/Um-luxo-de-viagem-1382513402055793\/\"]},{\"@type\":\"Person\",\"@id\":\"https:\/\/umluxodeviagem.com.br\/#\/schema\/person\/36339e8106e8e45c150d9bc5f2dc2e50\",\"name\":\"umluxodeviagem\",\"description\":\"M\u00e1rcia Santos, paulistana, jornalista \u00e9 a respons\u00e1vel pelo site Um Luxo de Viagem.\\\"Viajar \u00e9 uma experi\u00eancia que proporciona conhecimento e auto-conhecimento. A parte mais bela de todo destino\\\", diz a jornalista.\",\"sameAs\":[\"http:\/\/umluxodeviagem.com.br\"]}]}<\/script>\n<!-- \/ Yoast SEO plugin. -->","yoast_head_json":{"title":"Fazenda da Matta: A sua casa de luxo no cora\u00e7\u00e3o do Cerrado - Um luxo de viagem!","robots":{"index":"index","follow":"follow","max-snippet":"max-snippet:-1","max-image-preview":"max-image-preview:large","max-video-preview":"max-video-preview:-1"},"canonical":"https:\/\/umluxodeviagem.com.br\/?p=18785","og_locale":"pt_BR","og_type":"article","og_title":"Fazenda da Matta: A sua casa de luxo no cora\u00e7\u00e3o do Cerrado - Um luxo de viagem!","og_description":"Fazenda da Mata: A sua casa de luxo no cora\u00e7\u00e3o do Cerrado","og_url":"https:\/\/umluxodeviagem.com.br\/?p=18785","og_site_name":"Um luxo de viagem!","article_publisher":"https:\/\/www.facebook.com\/Um-luxo-de-viagem-1382513402055793\/","article_published_time":"2025-07-21T15:49:39+00:00","article_modified_time":"2025-07-22T15:31:08+00:00","og_image":[{"width":1600,"height":1066,"url":"https:\/\/umluxodeviagem.com.br\/wp-content\/uploads\/2025\/07\/WhatsApp-Image-2025-07-21-at-09.40.11.jpeg","type":"image\/jpeg"}],"author":"umluxodeviagem","twitter_misc":{"Escrito por":"umluxodeviagem","Est. tempo de leitura":"7 minutos"},"schema":{"@context":"https:\/\/schema.org","@graph":[{"@type":"Article","@id":"https:\/\/umluxodeviagem.com.br\/?p=18785#article","isPartOf":{"@id":"https:\/\/umluxodeviagem.com.br\/?p=18785"},"author":{"name":"umluxodeviagem","@id":"https:\/\/umluxodeviagem.com.br\/#\/schema\/person\/36339e8106e8e45c150d9bc5f2dc2e50"},"headline":"Fazenda da Matta: A sua casa de luxo no cora\u00e7\u00e3o do Cerrado","datePublished":"2025-07-21T15:49:39+00:00","dateModified":"2025-07-22T15:31:08+00:00","mainEntityOfPage":{"@id":"https:\/\/umluxodeviagem.com.br\/?p=18785"},"wordCount":948,"publisher":{"@id":"https:\/\/umluxodeviagem.com.br\/#organization"},"keywords":["brasil","destinos nacionais","Hot\u00e9is de luxo","natureza","umluxodeviagem"],"articleSection":["Destinos nacionais","Dicas","Hot\u00e9is de luxo","Sa\u00fade &amp; Bem estar","Vinhos"],"inLanguage":"pt-BR"},{"@type":"WebPage","@id":"https:\/\/umluxodeviagem.com.br\/?p=18785","url":"https:\/\/umluxodeviagem.com.br\/?p=18785","name":"Fazenda da Matta: A sua casa de luxo no cora\u00e7\u00e3o do Cerrado - Um luxo de viagem!","isPartOf":{"@id":"https:\/\/umluxodeviagem.com.br\/#website"},"datePublished":"2025-07-21T15:49:39+00:00","dateModified":"2025-07-22T15:31:08+00:00","breadcrumb":{"@id":"https:\/\/umluxodeviagem.com.br\/?p=18785#breadcrumb"},"inLanguage":"pt-BR","potentialAction":[{"@type":"ReadAction","target":["https:\/\/umluxodeviagem.com.br\/?p=18785"]}]},{"@type":"BreadcrumbList","@id":"https:\/\/umluxodeviagem.com.br\/?p=18785#breadcrumb","itemListElement":[{"@type":"ListItem","position":1,"name":"In\u00edcio","item":"https:\/\/umluxodeviagem.com.br\/"},{"@type":"ListItem","position":2,"name":"Fazenda da Matta: A sua casa de luxo no cora\u00e7\u00e3o do Cerrado"}]},{"@type":"WebSite","@id":"https:\/\/umluxodeviagem.com.br\/#website","url":"https:\/\/umluxodeviagem.com.br\/","name":"Um luxo de viagem","description":"A melhor viagem \u00e9 sempre aquela que te transforma","publisher":{"@id":"https:\/\/umluxodeviagem.com.br\/#organization"},"potentialAction":[{"@type":"SearchAction","target":{"@type":"EntryPoint","urlTemplate":"https:\/\/umluxodeviagem.com.br\/?s={search_term_string}"},"query-input":"required name=search_term_string"}],"inLanguage":"pt-BR"},{"@type":"Organization","@id":"https:\/\/umluxodeviagem.com.br\/#organization","name":"Um Luxo de Viagem","url":"https:\/\/umluxodeviagem.com.br\/","logo":{"@type":"ImageObject","inLanguage":"pt-BR","@id":"https:\/\/umluxodeviagem.com.br\/#\/schema\/logo\/image\/","url":"","contentUrl":"","caption":"Um Luxo de Viagem"},"image":{"@id":"https:\/\/umluxodeviagem.com.br\/#\/schema\/logo\/image\/"},"sameAs":["http:\/\/instagram.com\/umluxodeviagemsempre","https:\/\/www.facebook.com\/Um-luxo-de-viagem-1382513402055793\/"]},{"@type":"Person","@id":"https:\/\/umluxodeviagem.com.br\/#\/schema\/person\/36339e8106e8e45c150d9bc5f2dc2e50","name":"umluxodeviagem","description":"M\u00e1rcia Santos, paulistana, jornalista \u00e9 a respons\u00e1vel pelo site Um Luxo de Viagem.\"Viajar \u00e9 uma experi\u00eancia que proporciona conhecimento e auto-conhecimento. A parte mais bela de todo destino\", diz a jornalista.","sameAs":["http:\/\/umluxodeviagem.com.br"]}]}},"_links":{"self":[{"href":"https:\/\/umluxodeviagem.com.br\/index.php?rest_route=\/wp\/v2\/posts\/18785"}],"collection":[{"href":"https:\/\/umluxodeviagem.com.br\/index.php?rest_route=\/wp\/v2\/posts"}],"about":[{"href":"https:\/\/umluxodeviagem.com.br\/index.php?rest_route=\/wp\/v2\/types\/post"}],"author":[{"embeddable":true,"href":"https:\/\/umluxodeviagem.com.br\/index.php?rest_route=\/wp\/v2\/users\/1"}],"replies":[{"embeddable":true,"href":"https:\/\/umluxodeviagem.com.br\/index.php?rest_route=%2Fwp%2Fv2%2Fcomments&post=18785"}],"version-history":[{"count":2,"href":"https:\/\/umluxodeviagem.com.br\/index.php?rest_route=\/wp\/v2\/posts\/18785\/revisions"}],"predecessor-version":[{"id":18839,"href":"https:\/\/umluxodeviagem.com.br\/index.php?rest_route=\/wp\/v2\/posts\/18785\/revisions\/18839"}],"wp:featuredmedia":[{"embeddable":true,"href":"https:\/\/umluxodeviagem.com.br\/index.php?rest_route=\/wp\/v2\/media\/18786"}],"wp:attachment":[{"href":"https:\/\/umluxodeviagem.com.br\/index.php?rest_route=%2Fwp%2Fv2%2Fmedia&parent=18785"}],"wp:term":[{"taxonomy":"category","embeddable":true,"href":"https:\/\/umluxodeviagem.com.br\/index.php?rest_route=%2Fwp%2Fv2%2Fcategories&post=18785"},{"taxonomy":"post_tag","embeddable":true,"href":"https:\/\/umluxodeviagem.com.br\/index.php?rest_route=%2Fwp%2Fv2%2Ftags&post=18785"}],"curies":[{"name":"wp","href":"https:\/\/api.w.org\/{rel}","templated":true}]}}